
{"id":62809,"date":"2016-12-05T13:12:13","date_gmt":"2016-12-05T16:12:13","guid":{"rendered":"http:\/\/www.sudoestehoje.com.br\/novoportal\/?p=62809"},"modified":"2016-12-05T13:12:13","modified_gmt":"2016-12-05T16:12:13","slug":"anderson-da-nova-diz-que-segue-orientacao-do-partido-em-eleicao-da-camara","status":"publish","type":"post","link":"https:\/\/www.sudoestehoje.com.br\/novoportal\/2016\/12\/05\/anderson-da-nova-diz-que-segue-orientacao-do-partido-em-eleicao-da-camara\/","title":{"rendered":"ANDERSON DA NOVA DIZ QUE SEGUE ORIENTA\u00c7\u00c3O DO PARTIDO EM ELEI\u00c7\u00c3O DA C\u00c2MARA"},"content":{"rendered":"<p><a href=\"http:\/\/www.sudoestehoje.com.br\/novoportal\/wp-content\/uploads\/2016\/12\/ANDERSON.jpg\"><img loading=\"lazy\" decoding=\"async\" class=\"wp-image-62812 alignleft\" src=\"http:\/\/www.sudoestehoje.com.br\/novoportal\/wp-content\/uploads\/2016\/12\/ANDERSON.jpg\" alt=\"anderson\" width=\"236\" height=\"228\" \/><\/a><\/p>\n<p>Uma intensa disputa vem sendo travada nas hostes do Democratas, em Itapetinga, depois que a executiva do partido decidiu fechar quest\u00e3o em torno do nome do vereador Fabiano Bahia, para encabe\u00e7ar a chapa governista que concorrer\u00e1 \u00e0 elei\u00e7\u00e3o da nova mesa diretora da C\u00e2mara de Vereadores.<\/p>\n<p>O posicionamento do DEM acabou desagradando a vereadora Naara Duarte, que tamb\u00e9m tamb\u00e9m tem pretens\u00f5es de concorrer ao cargo de presidente do legislativo, e que diz contar com o apoio de sete vereadores, dentre eles o rec\u00e9m eleito Anderson da Nova, que na reuni\u00e3o do partido teria se posicionado a seu favor.<\/p>\n<p>Procurado pelo Sudoeste Hoje, o vereador Anderson deu outra vers\u00e3o aos fatos, informando que realmente se posicionou pela escolha da vereadora Naara para encabe\u00e7ar a chapa, mas que foi voto vencido.<\/p>\n<p>Com a escolha recaindo sobre o vereador Bahia, Anderson declarou que a decis\u00e3o da maioria precisa ser acatada e que seguir\u00e1 \u00e0 risca a orienta\u00e7\u00e3o do partido, votando em Fabiano Bahia para presidente da c\u00e2mara, ou em qualquer outro que a legenda indicar ou apoiar.<\/p>\n<p>Depois de converncer Anderson da Nova, o DEM agora tem a dura tarefa de enquadrar a resistente Naara. Ser\u00e1 que consegue?<\/p>\n<p><strong><em>Por Davi Ferraz<\/em><\/strong><\/p>\n","protected":false},"excerpt":{"rendered":"<p>Uma intensa disputa vem sendo travada nas hostes do Democratas, em Itapetinga, depois que a executiva do partido decidiu fechar quest\u00e3o em torno do nome do vereador Fabiano Bahia, para encabe\u00e7ar a chapa governista que concorrer\u00e1 \u00e0 elei\u00e7\u00e3o da nova mesa diretora da C\u00e2mara de Vereadores. O posicionamento do DEM acabou desagradando a vereadora Naara [&hellip;]<\/p>\n","protected":false},"author":2,"featured_media":62812,"comment_status":"open","ping_status":"open","sticky":false,"template":"","format":"standard","meta":{"footnotes":"","_links_to":"","_links_to_target":""},"categories":[1],"tags":[],"class_list":["post-62809","post","type-post","status-publish","format-standard","has-post-thumbnail","hentry","category-geral"],"views":2173,"_links":{"self":[{"href":"https:\/\/www.sudoestehoje.com.br\/novoportal\/wp-json\/wp\/v2\/posts\/62809","targetHints":{"allow":["GET"]}}],"collection":[{"href":"https:\/\/www.sudoestehoje.com.br\/novoportal\/wp-json\/wp\/v2\/posts"}],"about":[{"href":"https:\/\/www.sudoestehoje.com.br\/novoportal\/wp-json\/wp\/v2\/types\/post"}],"author":[{"embeddable":true,"href":"https:\/\/www.sudoestehoje.com.br\/novoportal\/wp-json\/wp\/v2\/users\/2"}],"replies":[{"embeddable":true,"href":"https:\/\/www.sudoestehoje.com.br\/novoportal\/wp-json\/wp\/v2\/comments?post=62809"}],"version-history":[{"count":3,"href":"https:\/\/www.sudoestehoje.com.br\/novoportal\/wp-json\/wp\/v2\/posts\/62809\/revisions"}],"predecessor-version":[{"id":62814,"href":"https:\/\/www.sudoestehoje.com.br\/novoportal\/wp-json\/wp\/v2\/posts\/62809\/revisions\/62814"}],"wp:featuredmedia":[{"embeddable":true,"href":"https:\/\/www.sudoestehoje.com.br\/novoportal\/wp-json\/wp\/v2\/media\/62812"}],"wp:attachment":[{"href":"https:\/\/www.sudoestehoje.com.br\/novoportal\/wp-json\/wp\/v2\/media?parent=62809"}],"wp:term":[{"taxonomy":"category","embeddable":true,"href":"https:\/\/www.sudoestehoje.com.br\/novoportal\/wp-json\/wp\/v2\/categories?post=62809"},{"taxonomy":"post_tag","embeddable":true,"href":"https:\/\/www.sudoestehoje.com.br\/novoportal\/wp-json\/wp\/v2\/tags?post=62809"}],"curies":[{"name":"wp","href":"https:\/\/api.w.org\/{rel}","templated":true}]}}