
{"id":62802,"date":"2016-12-04T23:50:51","date_gmt":"2016-12-05T02:50:51","guid":{"rendered":"http:\/\/www.sudoestehoje.com.br\/novoportal\/?p=62802"},"modified":"2016-12-04T23:50:51","modified_gmt":"2016-12-05T02:50:51","slug":"itapetinga-vereadora-naara-mantem-pre-candidatura-a-presidencia-da-camara","status":"publish","type":"post","link":"https:\/\/www.sudoestehoje.com.br\/novoportal\/2016\/12\/04\/itapetinga-vereadora-naara-mantem-pre-candidatura-a-presidencia-da-camara\/","title":{"rendered":"ITAPETINGA: VEREADORA NAARA MANT\u00c9M PR\u00c9-CANDIDATURA \u00c0 PRESID\u00caNCIA DA C\u00c2MARA"},"content":{"rendered":"<p><img decoding=\"async\" class=\"alignleft\" src=\"http:\/\/static.blogdaresenhageral.com.br\/wp-content\/uploads\/2013\/08\/ecc71c796401b5e7be72ea71d51ccab64ae9d3ee88252-300x225.jpg?x43390\" alt=\"Resultado de imagem para vereadora naara duarte itapetinga\" \/>Mesmo sendo voto vencido na reuni\u00e3o da executiva do Democratas, na \u00faltima sexta-feira, a vereadora Naara Duarte divergiu do seu partido e decidiu manter sua candidatura \u00e0 presid\u00eancia da c\u00e2mara, cuja elei\u00e7\u00e3o acontecer\u00e1 em 1\u00ba de janeiro pr\u00f3ximo.<\/p>\n<p>Em contato com o Sudoeste Hoje, a vereadora revelou que n\u00e3o abrir\u00e1 m\u00e3o da sua candidatura, apesar do DEM ter decidido pelo nome do seu colega Fabiano Bahia. Naara informou tamb\u00e9m que a escolha de Bahia n\u00e3o foi un\u00e2nime e que ela e o vereador Anderson da Nova se posicionaram contra a decis\u00e3o do partido.<\/p>\n<p>Nas redes sociais, partid\u00e1rios da vereadora de de Fabiano Bahia t\u00eam se manifestado, e a possibilidade de um acirramento entre as duas candidaturas \u00e9 cada vez maior. Naara postou nota de esclarecimento na sua p\u00e1gina no Facebook, ratificando a sua posi\u00e7\u00e3o: Confira:<\/p>\n<p><em>&#8220;NOTA DE ESCLARECIMENTO &#8211; Eu Naara Lima Duarte sempre pautei a minha vida publica com muito respeito e coer\u00eancia. Em reuni\u00e3o com o Partido Democratas na ultima sexta feira dia 02 de Dezembro, lancei o meu nome ao partido como candidata a Presidente da C\u00e2mara,e com o apoio do Vereador Anderson e o apoio de outros Vereadores da base , MANTIVEMOS o meu nome para concorrer a Presid\u00eancia, j\u00e1 que em TODAS as elei\u00e7\u00f5es anteriores o Partido NUNCA se posicionou em indicar ou n\u00e3o indicar nome para a Presid\u00eancia.Dessa forma esclare\u00e7o que na reuni\u00e3o N\u00e3o foi unanimidade pois eu e o Vereador Anderson mantivemos apoio ao meu nome, por isso mantemos o meu nome a candidatura a Presid\u00eancia da C\u00e2mara.&#8221;<\/em><\/p>\n<p><strong><em>Por Davi Ferraz<\/em><\/strong><\/p>\n<p><img decoding=\"async\" src=\"http:\/\/www.sudoestehoje.com.br\/novoportal\/wp-content\/uploads\/2014\/11\/Logomarca-HB-Sementes-500x134.jpg\" alt=\"Logomarca HB Sementes\" \/><\/p>\n","protected":false},"excerpt":{"rendered":"<p>Mesmo sendo voto vencido na reuni\u00e3o da executiva do Democratas, na \u00faltima sexta-feira, a vereadora Naara Duarte divergiu do seu partido e decidiu manter sua candidatura \u00e0 presid\u00eancia da c\u00e2mara, cuja elei\u00e7\u00e3o acontecer\u00e1 em 1\u00ba de janeiro pr\u00f3ximo. Em contato com o Sudoeste Hoje, a vereadora revelou que n\u00e3o abrir\u00e1 m\u00e3o da sua candidatura, apesar [&hellip;]<\/p>\n","protected":false},"author":2,"featured_media":0,"comment_status":"open","ping_status":"open","sticky":false,"template":"","format":"standard","meta":{"footnotes":"","_links_to":"","_links_to_target":""},"categories":[1],"tags":[],"class_list":["post-62802","post","type-post","status-publish","format-standard","hentry","category-geral"],"views":2154,"_links":{"self":[{"href":"https:\/\/www.sudoestehoje.com.br\/novoportal\/wp-json\/wp\/v2\/posts\/62802","targetHints":{"allow":["GET"]}}],"collection":[{"href":"https:\/\/www.sudoestehoje.com.br\/novoportal\/wp-json\/wp\/v2\/posts"}],"about":[{"href":"https:\/\/www.sudoestehoje.com.br\/novoportal\/wp-json\/wp\/v2\/types\/post"}],"author":[{"embeddable":true,"href":"https:\/\/www.sudoestehoje.com.br\/novoportal\/wp-json\/wp\/v2\/users\/2"}],"replies":[{"embeddable":true,"href":"https:\/\/www.sudoestehoje.com.br\/novoportal\/wp-json\/wp\/v2\/comments?post=62802"}],"version-history":[{"count":4,"href":"https:\/\/www.sudoestehoje.com.br\/novoportal\/wp-json\/wp\/v2\/posts\/62802\/revisions"}],"predecessor-version":[{"id":62807,"href":"https:\/\/www.sudoestehoje.com.br\/novoportal\/wp-json\/wp\/v2\/posts\/62802\/revisions\/62807"}],"wp:attachment":[{"href":"https:\/\/www.sudoestehoje.com.br\/novoportal\/wp-json\/wp\/v2\/media?parent=62802"}],"wp:term":[{"taxonomy":"category","embeddable":true,"href":"https:\/\/www.sudoestehoje.com.br\/novoportal\/wp-json\/wp\/v2\/categories?post=62802"},{"taxonomy":"post_tag","embeddable":true,"href":"https:\/\/www.sudoestehoje.com.br\/novoportal\/wp-json\/wp\/v2\/tags?post=62802"}],"curies":[{"name":"wp","href":"https:\/\/api.w.org\/{rel}","templated":true}]}}