
{"id":62790,"date":"2016-12-04T12:33:28","date_gmt":"2016-12-04T15:33:28","guid":{"rendered":"http:\/\/www.sudoestehoje.com.br\/novoportal\/?p=62790"},"modified":"2016-12-04T18:05:58","modified_gmt":"2016-12-04T21:05:58","slug":"ze-elias-o-bom-senso-recomenda-cautela-na-escolha-do-nome-para-presidir-camara","status":"publish","type":"post","link":"https:\/\/www.sudoestehoje.com.br\/novoportal\/2016\/12\/04\/ze-elias-o-bom-senso-recomenda-cautela-na-escolha-do-nome-para-presidir-camara\/","title":{"rendered":"Z\u00c9 ELIAS: &#8220;O BOM SENSO RECOMENDA CAUTELA NA ESCOLHA DO NOME PARA PRESIDIR C\u00c2MARA&#8221;"},"content":{"rendered":"<p><a href=\"http:\/\/www.sudoestehoje.com.br\/novoportal\/wp-content\/uploads\/2016\/12\/jose-elias.jpg\"><img loading=\"lazy\" decoding=\"async\" class=\"size-full wp-image-62791 alignleft\" src=\"http:\/\/www.sudoestehoje.com.br\/novoportal\/wp-content\/uploads\/2016\/12\/jose-elias.jpg\" alt=\"jose-elias\" width=\"190\" height=\"193\" \/><\/a><\/p>\n<p>As\u00a0articula\u00e7\u00f5es pol\u00edticas para elei\u00e7\u00e3o do presidente da c\u00e2mara e mesa diretora n\u00e3o pode gerar estremecimento entre PMDB e DEM. Se de um lado o PMDB tem o executivo sob dom\u00ednio, seria uma sinaliza\u00e7\u00e3o importante de desprendimento para com o aliado de primeira hora, apoiar um vereador do DEM para presidir o poder legislativo. Do outro lado, o DEM, que abriu m\u00e3o de candidatura pr\u00f3pria para apoiar Rodrigo, teria importante instrumento de a\u00e7\u00e3o pol\u00edtica e maior envolvimento na administra\u00e7\u00e3o do munic\u00edpio.<\/p>\n<p>O prefeito eleito Rodrigo Hagge n\u00e3o deve permitir que as negocia\u00e7\u00f5es em torno da elei\u00e7\u00e3o da mesa diretora da c\u00e2mara fujam do seu controle e passe a gerar controv\u00e9rsias e animosidades entre os vereadores que compor\u00e3o a sua base parlamentar.<\/p>\n<p>Se realmente acontecer o apoio do PMDB ao pleito do DEM, de eleger um vereador do seu quadro para a presid\u00eancia da c\u00e2mara, o problema passaria a ser do DEM, de como resolver quem seria o candidato: Anderson, Fabiano Bahia ou Naara. <em>O bom senso recomenda cautela e exaustivas consultas aos aliados, de qual nome seria mais facilmente &#8220;aceito&#8221; por todos<\/em>. Resolver esta quest\u00e3o sem deixar seq\u00fcelas \u00e9 muito importante para o DEM e crucial para gerar um clima de tranq\u00fcilidade parlamentar para a futura administra\u00e7\u00e3o.<\/p>\n<p>Diferentemente de outras disputas por posi\u00e7\u00e3o na mesa diretora, n\u00e3o se tem conhecimento publico de negociatas e interfer\u00eancias indevidas no processo. Apesar de contar com sete vereadores de primeiro mandato, tem sido digno e elogi\u00e1vel a postura inicial destes parlamentares.<\/p>\n<p>O PMDB tem sido magn\u00e2nimo na rela\u00e7\u00e3o com seus aliados e demonstra com atitude como esta da elei\u00e7\u00e3o na c\u00e2mara de vereadores o desejo de manter uma longa e duradoura parceria com aqueles que ajudaram na elei\u00e7\u00e3o de Rodrigo.<\/p>\n<p><strong><em>Por Jos\u00e9 Elias Ribeiro<\/em><\/strong><em>*<\/em><\/p>\n<p><strong><em>*Comunicador e colunista exclusivo do Sudoeste Hoje<\/em><\/strong><\/p>\n<p><img decoding=\"async\" src=\"http:\/\/www.sudoestehoje.com.br\/novoportal\/wp-content\/uploads\/2015\/10\/SERVLAR-BANNER-500x178.jpg\" alt=\"Resultado de imagem para servlar itapetinga\" \/><\/p>\n","protected":false},"excerpt":{"rendered":"<p>As\u00a0articula\u00e7\u00f5es pol\u00edticas para elei\u00e7\u00e3o do presidente da c\u00e2mara e mesa diretora n\u00e3o pode gerar estremecimento entre PMDB e DEM. Se de um lado o PMDB tem o executivo sob dom\u00ednio, seria uma sinaliza\u00e7\u00e3o importante de desprendimento para com o aliado de primeira hora, apoiar um vereador do DEM para presidir o poder legislativo. Do outro [&hellip;]<\/p>\n","protected":false},"author":2,"featured_media":0,"comment_status":"open","ping_status":"open","sticky":false,"template":"","format":"standard","meta":{"footnotes":"","_links_to":"","_links_to_target":""},"categories":[1],"tags":[],"class_list":["post-62790","post","type-post","status-publish","format-standard","hentry","category-geral"],"views":1604,"_links":{"self":[{"href":"https:\/\/www.sudoestehoje.com.br\/novoportal\/wp-json\/wp\/v2\/posts\/62790","targetHints":{"allow":["GET"]}}],"collection":[{"href":"https:\/\/www.sudoestehoje.com.br\/novoportal\/wp-json\/wp\/v2\/posts"}],"about":[{"href":"https:\/\/www.sudoestehoje.com.br\/novoportal\/wp-json\/wp\/v2\/types\/post"}],"author":[{"embeddable":true,"href":"https:\/\/www.sudoestehoje.com.br\/novoportal\/wp-json\/wp\/v2\/users\/2"}],"replies":[{"embeddable":true,"href":"https:\/\/www.sudoestehoje.com.br\/novoportal\/wp-json\/wp\/v2\/comments?post=62790"}],"version-history":[{"count":4,"href":"https:\/\/www.sudoestehoje.com.br\/novoportal\/wp-json\/wp\/v2\/posts\/62790\/revisions"}],"predecessor-version":[{"id":62795,"href":"https:\/\/www.sudoestehoje.com.br\/novoportal\/wp-json\/wp\/v2\/posts\/62790\/revisions\/62795"}],"wp:attachment":[{"href":"https:\/\/www.sudoestehoje.com.br\/novoportal\/wp-json\/wp\/v2\/media?parent=62790"}],"wp:term":[{"taxonomy":"category","embeddable":true,"href":"https:\/\/www.sudoestehoje.com.br\/novoportal\/wp-json\/wp\/v2\/categories?post=62790"},{"taxonomy":"post_tag","embeddable":true,"href":"https:\/\/www.sudoestehoje.com.br\/novoportal\/wp-json\/wp\/v2\/tags?post=62790"}],"curies":[{"name":"wp","href":"https:\/\/api.w.org\/{rel}","templated":true}]}}