
{"id":6279,"date":"2011-07-01T09:52:21","date_gmt":"2011-07-01T12:52:21","guid":{"rendered":"http:\/\/www.sudoestehoje.com.br\/novoportal\/?p=6279"},"modified":"2011-07-01T09:53:22","modified_gmt":"2011-07-01T12:53:22","slug":"wagner-agora-e-cidadao-baiano","status":"publish","type":"post","link":"https:\/\/www.sudoestehoje.com.br\/novoportal\/2011\/07\/01\/wagner-agora-e-cidadao-baiano\/","title":{"rendered":"WAGNER AGORA \u00c9 CIDAD\u00c3O BAIANO"},"content":{"rendered":"<p style=\"text-align: center;\"><img loading=\"lazy\" decoding=\"async\" src=\"http:\/\/www.pimenta.blog.br\/wp-content\/uploads\/Jaques-Wagner-cidad\u00e3o-baiano-foto-Manu-Dias.jpg\" alt=\"\" width=\"405\" height=\"247\" \/><\/p>\n<p>\u00a0<\/p>\n<p>Sete anos depois de aprovado, o t\u00edtulo de Cidad\u00e3o Baiano foi entregue ao governador Jaques Wagner em solenidade ocorrida nesta quinta (30), no plen\u00e1rio da Assembleia Legislativa. O t\u00edtulo foi aprovado pelos deputados estaduais em 2004, proposto por Moema Gramacho. A ex-deputada \u00e9 hoje prefeita de Lauro de Freitas.<\/p>\n<p>O governador reside na Bahia desde 1974. \u201cCom essa honraria, me consolidei baiano registrado e reconhecido. Antes, era de fato. Agora, sou legalizado\u201d disse Wagner, carioca de nascimento. Pimenta na Muqueca<\/p>\n","protected":false},"excerpt":{"rendered":"<p>\u00a0 Sete anos depois de aprovado, o t\u00edtulo de Cidad\u00e3o Baiano foi entregue ao governador Jaques Wagner em solenidade ocorrida nesta quinta (30), no plen\u00e1rio da Assembleia Legislativa. O t\u00edtulo foi aprovado pelos deputados estaduais em 2004, proposto por Moema Gramacho. A ex-deputada \u00e9 hoje prefeita de Lauro de Freitas. O governador reside na Bahia [&hellip;]<\/p>\n","protected":false},"author":2,"featured_media":0,"comment_status":"open","ping_status":"open","sticky":false,"template":"","format":"standard","meta":{"footnotes":"","_links_to":"","_links_to_target":""},"categories":[1],"tags":[],"class_list":["post-6279","post","type-post","status-publish","format-standard","hentry","category-geral"],"views":1136,"_links":{"self":[{"href":"https:\/\/www.sudoestehoje.com.br\/novoportal\/wp-json\/wp\/v2\/posts\/6279","targetHints":{"allow":["GET"]}}],"collection":[{"href":"https:\/\/www.sudoestehoje.com.br\/novoportal\/wp-json\/wp\/v2\/posts"}],"about":[{"href":"https:\/\/www.sudoestehoje.com.br\/novoportal\/wp-json\/wp\/v2\/types\/post"}],"author":[{"embeddable":true,"href":"https:\/\/www.sudoestehoje.com.br\/novoportal\/wp-json\/wp\/v2\/users\/2"}],"replies":[{"embeddable":true,"href":"https:\/\/www.sudoestehoje.com.br\/novoportal\/wp-json\/wp\/v2\/comments?post=6279"}],"version-history":[{"count":4,"href":"https:\/\/www.sudoestehoje.com.br\/novoportal\/wp-json\/wp\/v2\/posts\/6279\/revisions"}],"predecessor-version":[{"id":6283,"href":"https:\/\/www.sudoestehoje.com.br\/novoportal\/wp-json\/wp\/v2\/posts\/6279\/revisions\/6283"}],"wp:attachment":[{"href":"https:\/\/www.sudoestehoje.com.br\/novoportal\/wp-json\/wp\/v2\/media?parent=6279"}],"wp:term":[{"taxonomy":"category","embeddable":true,"href":"https:\/\/www.sudoestehoje.com.br\/novoportal\/wp-json\/wp\/v2\/categories?post=6279"},{"taxonomy":"post_tag","embeddable":true,"href":"https:\/\/www.sudoestehoje.com.br\/novoportal\/wp-json\/wp\/v2\/tags?post=6279"}],"curies":[{"name":"wp","href":"https:\/\/api.w.org\/{rel}","templated":true}]}}