
{"id":62783,"date":"2016-12-03T19:12:31","date_gmt":"2016-12-03T22:12:31","guid":{"rendered":"http:\/\/www.sudoestehoje.com.br\/novoportal\/?p=62783"},"modified":"2016-12-03T20:36:56","modified_gmt":"2016-12-03T23:36:56","slug":"itapetinga-dem-define-nome-de-fabiano-bahia-para-presidencia-da-camara","status":"publish","type":"post","link":"https:\/\/www.sudoestehoje.com.br\/novoportal\/2016\/12\/03\/itapetinga-dem-define-nome-de-fabiano-bahia-para-presidencia-da-camara\/","title":{"rendered":"ITAPETINGA: DEM DEFINE NOME DE FABIANO BAHIA PARA PRESID\u00caNCIA DA C\u00c2MARA"},"content":{"rendered":"<p><img loading=\"lazy\" decoding=\"async\" class=\"\" src=\"http:\/\/www.sudoestehoje.com.br\/novoportal\/wp-content\/uploads\/2013\/10\/dem-filia.jpg\" alt=\"Resultado de imagem para democratas itapetinga\" width=\"501\" height=\"376\" \/><\/p>\n<p>Em reuni\u00e3o realizada nesta sexta-feira, a executiva municipal do Democratas bateu o martelo em torno do nome do vereador Fabiano Bahia, para disputar a presid\u00eancia da C\u00e2mara de Vereadores em 1\u00ba de janeiro.<\/p>\n<p>Segundo Geraldo Trindade, presidente municipal do DEM, a reuni\u00e3o contou com a participa\u00e7\u00e3o de toda a c\u00fapula do partido, inclusive dos vereadores Naara Duarte e Anderson da Nova.<\/p>\n<p>Com a indica\u00e7\u00e3o de Bahia, o DEM dever\u00e1 aguardar uma posi\u00e7\u00e3o do PMDB, que tem como nome mais cogitado o do vereador Jo\u00e3o de Deus, para definir a chapa que disputar\u00e1 a elei\u00e7\u00e3o da nova mesa diretora do legislativo.<\/p>\n<p>Os novos vereadores eleitos ou reeleitos por outras legendas, tamb\u00e9m dever\u00e3o ser ouvidos, para forma\u00e7\u00e3o de uma chapa de consenso.<\/p>\n<p>A base do prefeito eleito Rodrigo Hagge conta hoje com o apoio declarado de 12 dos 15 vereadores que ir\u00e3o compor a nova c\u00e2mara, e a elei\u00e7\u00e3o da mesa dever\u00e1 acontecer sem &#8216;sustos&#8217; de \u00faltima hora, nem virada de mesa.<\/p>\n<p>A resolu\u00e7\u00e3o do DEM \u00e9 oficial e foi lavrada em ata.<\/p>\n<p><strong><em>Por Davi Ferraz<\/em><\/strong><\/p>\n<p><img decoding=\"async\" src=\"http:\/\/www.sudoestehoje.com.br\/novoportal\/wp-content\/uploads\/2014\/07\/Feira-do-Lar-1.png\" alt=\"Feira-do-Lar (1)\" \/><\/p>\n","protected":false},"excerpt":{"rendered":"<p>Em reuni\u00e3o realizada nesta sexta-feira, a executiva municipal do Democratas bateu o martelo em torno do nome do vereador Fabiano Bahia, para disputar a presid\u00eancia da C\u00e2mara de Vereadores em 1\u00ba de janeiro. Segundo Geraldo Trindade, presidente municipal do DEM, a reuni\u00e3o contou com a participa\u00e7\u00e3o de toda a c\u00fapula do partido, inclusive dos vereadores [&hellip;]<\/p>\n","protected":false},"author":2,"featured_media":0,"comment_status":"open","ping_status":"open","sticky":false,"template":"","format":"standard","meta":{"footnotes":"","_links_to":"","_links_to_target":""},"categories":[1],"tags":[],"class_list":["post-62783","post","type-post","status-publish","format-standard","hentry","category-geral"],"views":2440,"_links":{"self":[{"href":"https:\/\/www.sudoestehoje.com.br\/novoportal\/wp-json\/wp\/v2\/posts\/62783","targetHints":{"allow":["GET"]}}],"collection":[{"href":"https:\/\/www.sudoestehoje.com.br\/novoportal\/wp-json\/wp\/v2\/posts"}],"about":[{"href":"https:\/\/www.sudoestehoje.com.br\/novoportal\/wp-json\/wp\/v2\/types\/post"}],"author":[{"embeddable":true,"href":"https:\/\/www.sudoestehoje.com.br\/novoportal\/wp-json\/wp\/v2\/users\/2"}],"replies":[{"embeddable":true,"href":"https:\/\/www.sudoestehoje.com.br\/novoportal\/wp-json\/wp\/v2\/comments?post=62783"}],"version-history":[{"count":6,"href":"https:\/\/www.sudoestehoje.com.br\/novoportal\/wp-json\/wp\/v2\/posts\/62783\/revisions"}],"predecessor-version":[{"id":62789,"href":"https:\/\/www.sudoestehoje.com.br\/novoportal\/wp-json\/wp\/v2\/posts\/62783\/revisions\/62789"}],"wp:attachment":[{"href":"https:\/\/www.sudoestehoje.com.br\/novoportal\/wp-json\/wp\/v2\/media?parent=62783"}],"wp:term":[{"taxonomy":"category","embeddable":true,"href":"https:\/\/www.sudoestehoje.com.br\/novoportal\/wp-json\/wp\/v2\/categories?post=62783"},{"taxonomy":"post_tag","embeddable":true,"href":"https:\/\/www.sudoestehoje.com.br\/novoportal\/wp-json\/wp\/v2\/tags?post=62783"}],"curies":[{"name":"wp","href":"https:\/\/api.w.org\/{rel}","templated":true}]}}