
{"id":62755,"date":"2016-12-02T00:19:31","date_gmt":"2016-12-02T03:19:31","guid":{"rendered":"http:\/\/www.sudoestehoje.com.br\/novoportal\/?p=62755"},"modified":"2016-12-02T22:33:16","modified_gmt":"2016-12-03T01:33:16","slug":"associacao-das-industrias-de-itapetinga-se-reune-com-novo-gestor-municipal","status":"publish","type":"post","link":"https:\/\/www.sudoestehoje.com.br\/novoportal\/2016\/12\/02\/associacao-das-industrias-de-itapetinga-se-reune-com-novo-gestor-municipal\/","title":{"rendered":"ASSOCIA\u00c7\u00c3O DAS IND\u00daSTRIAS DE ITAPETINGA SE RE\u00daNE COM NOVO GESTOR MUNICIPAL"},"content":{"rendered":"<p><img loading=\"lazy\" decoding=\"async\" class=\"\" src=\"https:\/\/scontent-gru2-1.xx.fbcdn.net\/v\/t1.0-9\/15202710_1878731272362843_7645340349175147895_n.jpg?oh=8860a14c63832b97508c0282770dce6d&amp;oe=58FD084B\" width=\"500\" height=\"279\" \/><\/p>\n<p>Um almo\u00e7o no Coroas Country Clube reuniu membros da AIT \u2013 Associa\u00e7\u00e3o das Ind\u00fastrias de Itapetinga e o prefeito Rodrigo Hagge. Na oportunidade, os empres\u00e1rios fizeram um breve relato da atual situa\u00e7\u00e3o econ\u00f4mica do munic\u00edpio, registrando principalmente as necessidades de apoio do governo municipal.<\/p>\n<p><em>\u201cEssa aproxima\u00e7\u00e3o do poder p\u00fablico a gente entende que \u00e9 muito oportuna e necess\u00e1ria que aconte\u00e7a, porque acredito que a Associa\u00e7\u00e3o das Ind\u00fastrias e o munic\u00edpio t\u00eam muito a crescer com esta parceria entre as institui\u00e7\u00f5es\u201d<\/em>, disse Kelly Carvalho, atual presidente da AIT.<\/p>\n<p>Rodrigo Hagge falou da sua vontade de lutar por um munic\u00edpio que revigore a sua economia, aumente o n\u00famero de empregos e tenha uma ind\u00fastria e um com\u00e9rcio pujante<em>. \u201cEste foi o nosso primeiro encontro com a Associa\u00e7\u00e3o de empres\u00e1rios e tenho certeza que novas oportunidades teremos para tratar de assuntos que v\u00e3o trazer mais oportunidades de desenvolvimento para a cidade\u201d<\/em>, assegurou.\u00a0\/\/Ascom<\/p>\n<p><img decoding=\"async\" src=\"http:\/\/www.sudoestehoje.com.br\/novoportal\/wp-content\/uploads\/2015\/05\/rezende-500x163-500x163.jpg\" \/><\/p>\n","protected":false},"excerpt":{"rendered":"<p>Um almo\u00e7o no Coroas Country Clube reuniu membros da AIT \u2013 Associa\u00e7\u00e3o das Ind\u00fastrias de Itapetinga e o prefeito Rodrigo Hagge. Na oportunidade, os empres\u00e1rios fizeram um breve relato da atual situa\u00e7\u00e3o econ\u00f4mica do munic\u00edpio, registrando principalmente as necessidades de apoio do governo municipal. \u201cEssa aproxima\u00e7\u00e3o do poder p\u00fablico a gente entende que \u00e9 muito [&hellip;]<\/p>\n","protected":false},"author":2,"featured_media":0,"comment_status":"open","ping_status":"open","sticky":false,"template":"","format":"standard","meta":{"footnotes":"","_links_to":"","_links_to_target":""},"categories":[1],"tags":[],"class_list":["post-62755","post","type-post","status-publish","format-standard","hentry","category-geral"],"views":1615,"_links":{"self":[{"href":"https:\/\/www.sudoestehoje.com.br\/novoportal\/wp-json\/wp\/v2\/posts\/62755","targetHints":{"allow":["GET"]}}],"collection":[{"href":"https:\/\/www.sudoestehoje.com.br\/novoportal\/wp-json\/wp\/v2\/posts"}],"about":[{"href":"https:\/\/www.sudoestehoje.com.br\/novoportal\/wp-json\/wp\/v2\/types\/post"}],"author":[{"embeddable":true,"href":"https:\/\/www.sudoestehoje.com.br\/novoportal\/wp-json\/wp\/v2\/users\/2"}],"replies":[{"embeddable":true,"href":"https:\/\/www.sudoestehoje.com.br\/novoportal\/wp-json\/wp\/v2\/comments?post=62755"}],"version-history":[{"count":2,"href":"https:\/\/www.sudoestehoje.com.br\/novoportal\/wp-json\/wp\/v2\/posts\/62755\/revisions"}],"predecessor-version":[{"id":62765,"href":"https:\/\/www.sudoestehoje.com.br\/novoportal\/wp-json\/wp\/v2\/posts\/62755\/revisions\/62765"}],"wp:attachment":[{"href":"https:\/\/www.sudoestehoje.com.br\/novoportal\/wp-json\/wp\/v2\/media?parent=62755"}],"wp:term":[{"taxonomy":"category","embeddable":true,"href":"https:\/\/www.sudoestehoje.com.br\/novoportal\/wp-json\/wp\/v2\/categories?post=62755"},{"taxonomy":"post_tag","embeddable":true,"href":"https:\/\/www.sudoestehoje.com.br\/novoportal\/wp-json\/wp\/v2\/tags?post=62755"}],"curies":[{"name":"wp","href":"https:\/\/api.w.org\/{rel}","templated":true}]}}