
{"id":62749,"date":"2016-12-01T23:44:30","date_gmt":"2016-12-02T02:44:30","guid":{"rendered":"http:\/\/www.sudoestehoje.com.br\/novoportal\/?p=62749"},"modified":"2016-12-02T22:35:30","modified_gmt":"2016-12-03T01:35:30","slug":"movimento-de-apoio-a-lava-jato-protestam-domingo-em-130-cidades","status":"publish","type":"post","link":"https:\/\/www.sudoestehoje.com.br\/novoportal\/2016\/12\/01\/movimento-de-apoio-a-lava-jato-protestam-domingo-em-130-cidades\/","title":{"rendered":"MOVIMENTOS DE APOIO \u00c0 LAVA JATO PROTESTAM DOMINGO EM 130 CIDADES"},"content":{"rendered":"<p><img loading=\"lazy\" decoding=\"async\" class=\"\" src=\"http:\/\/blogs.portalnoar.com\/fatorrrh\/wp-content\/uploads\/2015\/12\/Fora-Dilma.jpeg\" alt=\"Resultado de imagem para PROTESTOS PRO IMPEACHMENT\" width=\"501\" height=\"298\" \/><\/p>\n<p>\u00c9 grande a mobiliza\u00e7\u00e3o nas redes sociais, de convoca\u00e7\u00e3o da popula\u00e7\u00e3o para os protestos do domingo (4) contra as manobras aprovadas nesta semana no Congresso, alterando as medidas anti-corrup\u00e7\u00e3o apresentadas pelo Minist\u00e9rio P\u00fablico, que configuram a base de sustenta\u00e7\u00e3o da opera\u00e7\u00e3o Lava Jato.<\/p>\n<p>Ao todo, os movimentos sociais como MBL, Vem Pra Rua e Nas Ruas j\u00e1 confirmaram a realiza\u00e7\u00e3o de protestos em 130 cidades do pa\u00eds. Em S\u00e3o Paulo, a concentra\u00e7\u00e3o ser\u00e1 na avenida Paulista. No Rio de Janeiro, o local escolhido foi a praia de Copacabana, em frente ao posto 5.<\/p>\n<p>A expectativa \u00e9 que os protestos de domingo, em todo o pa\u00eds, tenham uma ades\u00e3o t\u00e3o grande quanto as manifesta\u00e7\u00f5es populares pelo impeachment da ex-presidente Dilma Rousseff.<\/p>\n<p><img decoding=\"async\" src=\"http:\/\/www.sudoestehoje.com.br\/novoportal\/wp-content\/uploads\/2014\/09\/supermoda.png\" alt=\"supermoda\" \/><\/p>\n","protected":false},"excerpt":{"rendered":"<p>\u00c9 grande a mobiliza\u00e7\u00e3o nas redes sociais, de convoca\u00e7\u00e3o da popula\u00e7\u00e3o para os protestos do domingo (4) contra as manobras aprovadas nesta semana no Congresso, alterando as medidas anti-corrup\u00e7\u00e3o apresentadas pelo Minist\u00e9rio P\u00fablico, que configuram a base de sustenta\u00e7\u00e3o da opera\u00e7\u00e3o Lava Jato. Ao todo, os movimentos sociais como MBL, Vem Pra Rua e Nas [&hellip;]<\/p>\n","protected":false},"author":2,"featured_media":0,"comment_status":"open","ping_status":"open","sticky":false,"template":"","format":"standard","meta":{"footnotes":"","_links_to":"","_links_to_target":""},"categories":[1],"tags":[],"class_list":["post-62749","post","type-post","status-publish","format-standard","hentry","category-geral"],"views":1362,"_links":{"self":[{"href":"https:\/\/www.sudoestehoje.com.br\/novoportal\/wp-json\/wp\/v2\/posts\/62749","targetHints":{"allow":["GET"]}}],"collection":[{"href":"https:\/\/www.sudoestehoje.com.br\/novoportal\/wp-json\/wp\/v2\/posts"}],"about":[{"href":"https:\/\/www.sudoestehoje.com.br\/novoportal\/wp-json\/wp\/v2\/types\/post"}],"author":[{"embeddable":true,"href":"https:\/\/www.sudoestehoje.com.br\/novoportal\/wp-json\/wp\/v2\/users\/2"}],"replies":[{"embeddable":true,"href":"https:\/\/www.sudoestehoje.com.br\/novoportal\/wp-json\/wp\/v2\/comments?post=62749"}],"version-history":[{"count":6,"href":"https:\/\/www.sudoestehoje.com.br\/novoportal\/wp-json\/wp\/v2\/posts\/62749\/revisions"}],"predecessor-version":[{"id":62766,"href":"https:\/\/www.sudoestehoje.com.br\/novoportal\/wp-json\/wp\/v2\/posts\/62749\/revisions\/62766"}],"wp:attachment":[{"href":"https:\/\/www.sudoestehoje.com.br\/novoportal\/wp-json\/wp\/v2\/media?parent=62749"}],"wp:term":[{"taxonomy":"category","embeddable":true,"href":"https:\/\/www.sudoestehoje.com.br\/novoportal\/wp-json\/wp\/v2\/categories?post=62749"},{"taxonomy":"post_tag","embeddable":true,"href":"https:\/\/www.sudoestehoje.com.br\/novoportal\/wp-json\/wp\/v2\/tags?post=62749"}],"curies":[{"name":"wp","href":"https:\/\/api.w.org\/{rel}","templated":true}]}}