
{"id":62746,"date":"2016-12-01T22:57:24","date_gmt":"2016-12-02T01:57:24","guid":{"rendered":"http:\/\/www.sudoestehoje.com.br\/novoportal\/?p=62746"},"modified":"2016-12-02T22:37:10","modified_gmt":"2016-12-03T01:37:10","slug":"por-8-votos-a-3-supremo-decide-tornar-renan-reu-por-crime-de-peculato","status":"publish","type":"post","link":"https:\/\/www.sudoestehoje.com.br\/novoportal\/2016\/12\/01\/por-8-votos-a-3-supremo-decide-tornar-renan-reu-por-crime-de-peculato\/","title":{"rendered":"POR 8 VOTOS A 3, SUPREMO DECIDE TORNAR RENAN R\u00c9U POR CRIME DE PECULATO"},"content":{"rendered":"<p><img loading=\"lazy\" decoding=\"async\" class=\"\" src=\"http:\/\/og.infg.com.br\/in\/20572678-6ff-de2\/FT1086A\/420\/renan.jpg\" width=\"501\" height=\"301\" \/><\/p>\n<p>A maioria dos ministros do Supremo Tribunal Federal (STF) votou nesta quinta-feira pelo recebimento da den\u00fancia contra o presidente do Senado, Renan Calheiros (PMDB-AL) por peculato \u2013 ou seja, desviar bem p\u00fablico para proveito particular.<\/p>\n<p>Ao todo, oito ministros votaram pela aceita\u00e7\u00e3o da den\u00fancia: Edson Fachin, Lu\u00eds Roberto Barroso, Teori Zavascki, Luiz Fux, Rosa Weber, Marco Aur\u00e9lio Mello, Celso de Mello e C\u00e1rmen L\u00facia. Um dia antes do julgamento, Renan tentou votar, em car\u00e1ter de urg\u00eancia, o projeto de lei que prev\u00ea puni\u00e7\u00e3o a ju\u00edzes e membros do Minist\u00e9rio P\u00fablico por abuso de autoridade. N\u00e3o conseguiu.<\/p>\n<p>Enquanto o STF analisava a den\u00fancia, <a href=\"http:\/\/oglobo.globo.com\/brasil\/protesto-de-juizes-promotores-no-stf-contra-proposta-do-abuso-de-autoridade-20574325\">um grupo de ju\u00edzes protestava contra a proposta do lado de fora<\/a>. \u00c9 a primeira vez que um presidente do Senado brasileiro se torna r\u00e9u no exerc\u00edcio do cargo.<\/p>\n<p><img decoding=\"async\" src=\"http:\/\/www.sudoestehoje.com.br\/novoportal\/wp-content\/uploads\/2015\/10\/SERVLAR-BANNER-500x178.jpg\" alt=\"Resultado de imagem para servlar itapetinga\" \/><\/p>\n","protected":false},"excerpt":{"rendered":"<p>A maioria dos ministros do Supremo Tribunal Federal (STF) votou nesta quinta-feira pelo recebimento da den\u00fancia contra o presidente do Senado, Renan Calheiros (PMDB-AL) por peculato \u2013 ou seja, desviar bem p\u00fablico para proveito particular. Ao todo, oito ministros votaram pela aceita\u00e7\u00e3o da den\u00fancia: Edson Fachin, Lu\u00eds Roberto Barroso, Teori Zavascki, Luiz Fux, Rosa Weber, [&hellip;]<\/p>\n","protected":false},"author":2,"featured_media":0,"comment_status":"open","ping_status":"open","sticky":false,"template":"","format":"standard","meta":{"footnotes":"","_links_to":"","_links_to_target":""},"categories":[1],"tags":[],"class_list":["post-62746","post","type-post","status-publish","format-standard","hentry","category-geral"],"views":1058,"_links":{"self":[{"href":"https:\/\/www.sudoestehoje.com.br\/novoportal\/wp-json\/wp\/v2\/posts\/62746","targetHints":{"allow":["GET"]}}],"collection":[{"href":"https:\/\/www.sudoestehoje.com.br\/novoportal\/wp-json\/wp\/v2\/posts"}],"about":[{"href":"https:\/\/www.sudoestehoje.com.br\/novoportal\/wp-json\/wp\/v2\/types\/post"}],"author":[{"embeddable":true,"href":"https:\/\/www.sudoestehoje.com.br\/novoportal\/wp-json\/wp\/v2\/users\/2"}],"replies":[{"embeddable":true,"href":"https:\/\/www.sudoestehoje.com.br\/novoportal\/wp-json\/wp\/v2\/comments?post=62746"}],"version-history":[{"count":3,"href":"https:\/\/www.sudoestehoje.com.br\/novoportal\/wp-json\/wp\/v2\/posts\/62746\/revisions"}],"predecessor-version":[{"id":62767,"href":"https:\/\/www.sudoestehoje.com.br\/novoportal\/wp-json\/wp\/v2\/posts\/62746\/revisions\/62767"}],"wp:attachment":[{"href":"https:\/\/www.sudoestehoje.com.br\/novoportal\/wp-json\/wp\/v2\/media?parent=62746"}],"wp:term":[{"taxonomy":"category","embeddable":true,"href":"https:\/\/www.sudoestehoje.com.br\/novoportal\/wp-json\/wp\/v2\/categories?post=62746"},{"taxonomy":"post_tag","embeddable":true,"href":"https:\/\/www.sudoestehoje.com.br\/novoportal\/wp-json\/wp\/v2\/tags?post=62746"}],"curies":[{"name":"wp","href":"https:\/\/api.w.org\/{rel}","templated":true}]}}