
{"id":62740,"date":"2016-12-01T09:24:03","date_gmt":"2016-12-01T12:24:03","guid":{"rendered":"http:\/\/www.sudoestehoje.com.br\/novoportal\/?p=62740"},"modified":"2016-12-02T22:38:13","modified_gmt":"2016-12-03T01:38:13","slug":"itapetinga-transicao-de-governo-e-oficializada-e-comeca-nesta-quinta","status":"publish","type":"post","link":"https:\/\/www.sudoestehoje.com.br\/novoportal\/2016\/12\/01\/itapetinga-transicao-de-governo-e-oficializada-e-comeca-nesta-quinta\/","title":{"rendered":"ITAPETINGA: TRANSI\u00c7\u00c3O DE GOVERNO \u00c9 OFICIALIZADA E COME\u00c7A NESTA QUINTA"},"content":{"rendered":"<p><img loading=\"lazy\" decoding=\"async\" class=\"\" src=\"https:\/\/3.bp.blogspot.com\/-34M4qE2lxpE\/WDOxxTdMbjI\/AAAAAAABpVU\/eTwC2CYBdgAuvEmHqUJmDmqrl3-sIoScACLcB\/s1600\/rodrigo%2Be%2Bz%25C3%25A9%2Bcarlos.jpg\" alt=\"Resultado de imagem para rodrigo hagge e Jos\u00e9 carlos moura\" width=\"499\" height=\"281\" \/><\/p>\n<p>Apesar dos apelos do prefeito eleito Rodrigo Hagge para que o atual gestor antecipasse a transi\u00e7\u00e3o de governo para meados de novembro, como noticiamos neste blog, somente na tarde desta quarta-feira (30) o prefeito Z\u00e9 Carlos baixou o necess\u00e1rio Decreto Municipal, oficializando os nomes indicados por Rodrigo e os representantes da prefeitura.<\/p>\n<p>De acordo com o engenheiro Airton Ferraz, um dos indicados pelo prefeito eleito Rodrigo Hagge, a comiss\u00e3o come\u00e7a a atuar ainda nesta quinta-feira, com a an\u00e1lise dos documentos requeridos \u00e0 prefeitura, para posteriormente verificar\u00a0<em>in loco<\/em> as situa\u00e7\u00f5es nas secretarias e autarquias municipais.<\/p>\n<p>Com a bagun\u00e7a generalizada na prefeitura, a equipe de Rodrigo vai ter que se virar.<\/p>\n<p>Confira o Decreto:<\/p>\n<p><img loading=\"lazy\" decoding=\"async\" class=\"\" src=\"https:\/\/scontent-gru2-1.xx.fbcdn.net\/v\/t1.0-9\/15327383_1195480007210065_6371821365348833090_n.jpg?oh=970aaa73082ab81d22d5a40d246d3d76&amp;oe=58FC6578\" width=\"501\" height=\"636\" \/><\/p>\n<p><img loading=\"lazy\" decoding=\"async\" class=\"\" src=\"https:\/\/scontent-gru2-1.xx.fbcdn.net\/v\/t1.0-9\/15203166_1195480067210059_7636041299197844605_n.jpg?oh=f3035172a93d66b2d89e231e9b1996c8&amp;oe=58FA98E2\" width=\"500\" height=\"626\" \/><\/p>\n<p><img decoding=\"async\" src=\"http:\/\/www.sudoestehoje.com.br\/novoportal\/wp-content\/uploads\/2014\/11\/Logomarca-HB-Sementes-500x134.jpg\" alt=\"Logomarca HB Sementes\" \/><\/p>\n","protected":false},"excerpt":{"rendered":"<p>Apesar dos apelos do prefeito eleito Rodrigo Hagge para que o atual gestor antecipasse a transi\u00e7\u00e3o de governo para meados de novembro, como noticiamos neste blog, somente na tarde desta quarta-feira (30) o prefeito Z\u00e9 Carlos baixou o necess\u00e1rio Decreto Municipal, oficializando os nomes indicados por Rodrigo e os representantes da prefeitura. De acordo com [&hellip;]<\/p>\n","protected":false},"author":2,"featured_media":0,"comment_status":"open","ping_status":"open","sticky":false,"template":"","format":"standard","meta":{"footnotes":"","_links_to":"","_links_to_target":""},"categories":[1],"tags":[],"class_list":["post-62740","post","type-post","status-publish","format-standard","hentry","category-geral"],"views":1671,"_links":{"self":[{"href":"https:\/\/www.sudoestehoje.com.br\/novoportal\/wp-json\/wp\/v2\/posts\/62740","targetHints":{"allow":["GET"]}}],"collection":[{"href":"https:\/\/www.sudoestehoje.com.br\/novoportal\/wp-json\/wp\/v2\/posts"}],"about":[{"href":"https:\/\/www.sudoestehoje.com.br\/novoportal\/wp-json\/wp\/v2\/types\/post"}],"author":[{"embeddable":true,"href":"https:\/\/www.sudoestehoje.com.br\/novoportal\/wp-json\/wp\/v2\/users\/2"}],"replies":[{"embeddable":true,"href":"https:\/\/www.sudoestehoje.com.br\/novoportal\/wp-json\/wp\/v2\/comments?post=62740"}],"version-history":[{"count":3,"href":"https:\/\/www.sudoestehoje.com.br\/novoportal\/wp-json\/wp\/v2\/posts\/62740\/revisions"}],"predecessor-version":[{"id":62768,"href":"https:\/\/www.sudoestehoje.com.br\/novoportal\/wp-json\/wp\/v2\/posts\/62740\/revisions\/62768"}],"wp:attachment":[{"href":"https:\/\/www.sudoestehoje.com.br\/novoportal\/wp-json\/wp\/v2\/media?parent=62740"}],"wp:term":[{"taxonomy":"category","embeddable":true,"href":"https:\/\/www.sudoestehoje.com.br\/novoportal\/wp-json\/wp\/v2\/categories?post=62740"},{"taxonomy":"post_tag","embeddable":true,"href":"https:\/\/www.sudoestehoje.com.br\/novoportal\/wp-json\/wp\/v2\/tags?post=62740"}],"curies":[{"name":"wp","href":"https:\/\/api.w.org\/{rel}","templated":true}]}}