
{"id":6274,"date":"2011-07-01T09:34:53","date_gmt":"2011-07-01T12:34:53","guid":{"rendered":"http:\/\/www.sudoestehoje.com.br\/novoportal\/?p=6274"},"modified":"2011-07-01T09:34:53","modified_gmt":"2011-07-01T12:34:53","slug":"novo-estado-do-sao-francisco-e-economicamente-inviavel","status":"publish","type":"post","link":"https:\/\/www.sudoestehoje.com.br\/novoportal\/2011\/07\/01\/novo-estado-do-sao-francisco-e-economicamente-inviavel\/","title":{"rendered":"NOVO ESTADO DO S\u00c3O FRANCISCO \u00c9 ECONOMICAMENTE INVI\u00c1VEL"},"content":{"rendered":"<p style=\"text-align: center;\"><img decoding=\"async\" class=\"aligncenter\" src=\"http:\/\/www.bahianoticias.com.br\/sites\/default\/files\/noticias\/estado_do_sao_francisco.jpg\" alt=\"\" \/><\/p>\n<p>Uma pesquisa realizada pela Superintend\u00eancia de Estudos Econ\u00f4micos e Sociais da Bahia (SEI), divulgada nesta sexta-feira (1\u00ba), aponta que a cria\u00e7\u00e3o do estado do S\u00e3o Francisco, ideia encabe\u00e7ada pelo deputado federal Oziel Oliveira (PDT), n\u00e3o \u00e9 vi\u00e1vel do ponto de vista econ\u00f4mico.<\/p>\n<p>Se a divis\u00e3o ocorresse hoje, a nova federa\u00e7\u00e3o j\u00e1 come\u00e7aria com o p\u00e9 esquerdo: no vermelho. O potencial de arrecada\u00e7\u00e3o seria de R$ 1,7 bilh\u00e3o e o custo anual de cerca de R$ 2,5 bilh\u00f5es, o que totalizaria um d\u00e9ficit fiscal de R$ 800 milh\u00f5es por ano.<\/p>\n<p>O diagn\u00f3stico pouco otimista indica ainda que apenas quatro munic\u00edpios concentrariam 83,6% da arrecada\u00e7\u00e3o e 60,84% do Produto Interno Bruto (PIB). Barreiras, Luis Eduardo Magalh\u00e3es, S\u00e3o Desid\u00e9rio e Correntina ficariam com a maior parte da receita do novo estado, enquanto os outros 31 munic\u00edpios amargariam baixas arrecada\u00e7\u00f5es e um prov\u00e1vel aumento das desigualdades sociais. Informa\u00e7\u00f5es do jornal A Tarde.<\/p>\n","protected":false},"excerpt":{"rendered":"<p>Uma pesquisa realizada pela Superintend\u00eancia de Estudos Econ\u00f4micos e Sociais da Bahia (SEI), divulgada nesta sexta-feira (1\u00ba), aponta que a cria\u00e7\u00e3o do estado do S\u00e3o Francisco, ideia encabe\u00e7ada pelo deputado federal Oziel Oliveira (PDT), n\u00e3o \u00e9 vi\u00e1vel do ponto de vista econ\u00f4mico. Se a divis\u00e3o ocorresse hoje, a nova federa\u00e7\u00e3o j\u00e1 come\u00e7aria com o p\u00e9 [&hellip;]<\/p>\n","protected":false},"author":2,"featured_media":0,"comment_status":"open","ping_status":"open","sticky":false,"template":"","format":"standard","meta":{"footnotes":"","_links_to":"","_links_to_target":""},"categories":[1],"tags":[],"class_list":["post-6274","post","type-post","status-publish","format-standard","hentry","category-geral"],"views":1091,"_links":{"self":[{"href":"https:\/\/www.sudoestehoje.com.br\/novoportal\/wp-json\/wp\/v2\/posts\/6274","targetHints":{"allow":["GET"]}}],"collection":[{"href":"https:\/\/www.sudoestehoje.com.br\/novoportal\/wp-json\/wp\/v2\/posts"}],"about":[{"href":"https:\/\/www.sudoestehoje.com.br\/novoportal\/wp-json\/wp\/v2\/types\/post"}],"author":[{"embeddable":true,"href":"https:\/\/www.sudoestehoje.com.br\/novoportal\/wp-json\/wp\/v2\/users\/2"}],"replies":[{"embeddable":true,"href":"https:\/\/www.sudoestehoje.com.br\/novoportal\/wp-json\/wp\/v2\/comments?post=6274"}],"version-history":[{"count":4,"href":"https:\/\/www.sudoestehoje.com.br\/novoportal\/wp-json\/wp\/v2\/posts\/6274\/revisions"}],"predecessor-version":[{"id":6278,"href":"https:\/\/www.sudoestehoje.com.br\/novoportal\/wp-json\/wp\/v2\/posts\/6274\/revisions\/6278"}],"wp:attachment":[{"href":"https:\/\/www.sudoestehoje.com.br\/novoportal\/wp-json\/wp\/v2\/media?parent=6274"}],"wp:term":[{"taxonomy":"category","embeddable":true,"href":"https:\/\/www.sudoestehoje.com.br\/novoportal\/wp-json\/wp\/v2\/categories?post=6274"},{"taxonomy":"post_tag","embeddable":true,"href":"https:\/\/www.sudoestehoje.com.br\/novoportal\/wp-json\/wp\/v2\/tags?post=6274"}],"curies":[{"name":"wp","href":"https:\/\/api.w.org\/{rel}","templated":true}]}}