
{"id":62732,"date":"2016-12-01T08:37:08","date_gmt":"2016-12-01T11:37:08","guid":{"rendered":"http:\/\/www.sudoestehoje.com.br\/novoportal\/?p=62732"},"modified":"2016-12-02T22:57:11","modified_gmt":"2016-12-03T01:57:11","slug":"rui-costa-vem-a-itapetinga-nesta-sexta-inaugurar-minha-casa-e-dptiml","status":"publish","type":"post","link":"https:\/\/www.sudoestehoje.com.br\/novoportal\/2016\/12\/01\/rui-costa-vem-a-itapetinga-nesta-sexta-inaugurar-minha-casa-e-dptiml\/","title":{"rendered":"RUI COSTA VEM A ITAPETINGA NESTA SEXTA INAUGURAR MINHA CASA E DPT\/IML"},"content":{"rendered":"<p><img loading=\"lazy\" decoding=\"async\" class=\"\" src=\"http:\/\/3.bp.blogspot.com\/-iz60LYitnz0\/VCdPJXkDvXI\/AAAAAAABFq0\/EX8H8IBkJD0\/s1600\/Z%C3%89%2BCARLOS%2BE%2BWAGNER5.jpg\" alt=\"Resultado de imagem para rui costa itapetinga\" width=\"500\" height=\"333\" \/><\/p>\n<p>De acordo com agenda divulgada pela Assessoria de Comunica\u00e7\u00e3o do Governo da Estado, o governador Rui Costa vir\u00e1 a Itapetinga, nesta sexta-feira (2), para entrega das 500 unidades do Residencial Neto Fernandes, na Vila Isabel, e inaugura\u00e7\u00e3o do pr\u00e9dio do DPT\/IML, obra conclu\u00edda h\u00e1 mais de um ano.<\/p>\n<p>A princ\u00edpio, o desejo do prefeito em fim de mandato, Jos\u00e9 Carlos Moura, era inaugurar as obras do governo do estado no anivers\u00e1rio de Itapetinga, que acontece no dia 12 de Dezembro, mas a governadoria antecipou a agenda para esta sexta-feira, n\u00e3o atendendo ao pedido do prefeito.<\/p>\n<p>Se Z\u00e9 Carlos comparecer ao evento, o que ainda n\u00e3o foi confirmado, vai dar de cara com um governador irritado e insatisfeito com o fracasso da sua gest\u00e3o, o que determinou a derrota do PT no munic\u00edpio, nas duas \u00faltimas elei\u00e7\u00f5es (2012 e 2014), por larga margem de votos.<\/p>\n<p>Outra &#8216;saia justa&#8217; que Z\u00e9 Carlos dever\u00e1 enfrentar, ser\u00e1 a presen\u00e7a dos petistas Rosemberg Pinto e Sibele Nery, a quem ele desprezou e descartou do seu grupo, na elei\u00e7\u00e3o de outubro passado, sob o argumento de que o &#8220;desgaste do PT tira votos&#8221;.<\/p>\n<p>H\u00e1 informa\u00e7\u00f5es de que um esquema de vaias est\u00e1 sendo montado para &#8220;homenagear&#8221; o prefeito Z\u00e9 Carlos, caso ele compare\u00e7a \u00e0 inaugura\u00e7\u00e3o. Outro que ainda n\u00e3o confirmou a presen\u00e7a \u00e9 o vice-prefeito Al\u00e9cio Chaves (PSD), candidato governista a prefeito de Itapetinga, tamb\u00e9m derrotado nas \u00faltimas elei\u00e7\u00f5es.<\/p>\n<p>Essa eu n\u00e3o perco por nada.<\/p>\n<p><strong><em>Por Davi Ferraz<\/em><\/strong><\/p>\n<p><img loading=\"lazy\" decoding=\"async\" class=\"\" src=\"http:\/\/1.bp.blogspot.com\/-waizskbWzUw\/UM0S3tzUQwI\/AAAAAAAADb0\/M2MaZiJYkrY\/s1600\/LOGO+2013.jpg\" alt=\"Resultado de imagem para via\u00e7\u00e3o itapetinga\" width=\"501\" height=\"99\" \/><\/p>\n","protected":false},"excerpt":{"rendered":"<p>De acordo com agenda divulgada pela Assessoria de Comunica\u00e7\u00e3o do Governo da Estado, o governador Rui Costa vir\u00e1 a Itapetinga, nesta sexta-feira (2), para entrega das 500 unidades do Residencial Neto Fernandes, na Vila Isabel, e inaugura\u00e7\u00e3o do pr\u00e9dio do DPT\/IML, obra conclu\u00edda h\u00e1 mais de um ano. A princ\u00edpio, o desejo do prefeito em [&hellip;]<\/p>\n","protected":false},"author":2,"featured_media":0,"comment_status":"open","ping_status":"open","sticky":false,"template":"","format":"standard","meta":{"footnotes":"","_links_to":"","_links_to_target":""},"categories":[1],"tags":[],"class_list":["post-62732","post","type-post","status-publish","format-standard","hentry","category-geral"],"views":2232,"_links":{"self":[{"href":"https:\/\/www.sudoestehoje.com.br\/novoportal\/wp-json\/wp\/v2\/posts\/62732","targetHints":{"allow":["GET"]}}],"collection":[{"href":"https:\/\/www.sudoestehoje.com.br\/novoportal\/wp-json\/wp\/v2\/posts"}],"about":[{"href":"https:\/\/www.sudoestehoje.com.br\/novoportal\/wp-json\/wp\/v2\/types\/post"}],"author":[{"embeddable":true,"href":"https:\/\/www.sudoestehoje.com.br\/novoportal\/wp-json\/wp\/v2\/users\/2"}],"replies":[{"embeddable":true,"href":"https:\/\/www.sudoestehoje.com.br\/novoportal\/wp-json\/wp\/v2\/comments?post=62732"}],"version-history":[{"count":3,"href":"https:\/\/www.sudoestehoje.com.br\/novoportal\/wp-json\/wp\/v2\/posts\/62732\/revisions"}],"predecessor-version":[{"id":62772,"href":"https:\/\/www.sudoestehoje.com.br\/novoportal\/wp-json\/wp\/v2\/posts\/62732\/revisions\/62772"}],"wp:attachment":[{"href":"https:\/\/www.sudoestehoje.com.br\/novoportal\/wp-json\/wp\/v2\/media?parent=62732"}],"wp:term":[{"taxonomy":"category","embeddable":true,"href":"https:\/\/www.sudoestehoje.com.br\/novoportal\/wp-json\/wp\/v2\/categories?post=62732"},{"taxonomy":"post_tag","embeddable":true,"href":"https:\/\/www.sudoestehoje.com.br\/novoportal\/wp-json\/wp\/v2\/tags?post=62732"}],"curies":[{"name":"wp","href":"https:\/\/api.w.org\/{rel}","templated":true}]}}