
{"id":62729,"date":"2016-12-01T08:10:17","date_gmt":"2016-12-01T11:10:17","guid":{"rendered":"http:\/\/www.sudoestehoje.com.br\/novoportal\/?p=62729"},"modified":"2016-12-01T08:10:17","modified_gmt":"2016-12-01T11:10:17","slug":"maiquinique-tcm-rejeita-mais-uma-vez-as-contas-da-prefeita-minininha","status":"publish","type":"post","link":"https:\/\/www.sudoestehoje.com.br\/novoportal\/2016\/12\/01\/maiquinique-tcm-rejeita-mais-uma-vez-as-contas-da-prefeita-minininha\/","title":{"rendered":"MAIQUINIQUE: TCM REJEITA MAIS UMA VEZ AS CONTAS DA PREFEITA MINININHA"},"content":{"rendered":"<p><img loading=\"lazy\" decoding=\"async\" class=\"aligncenter\" src=\"http:\/\/www.sudoestehoje.com.br\/novoportal\/wp-content\/uploads\/2014\/03\/minininha.jpg\" alt=\"Resultado de imagem para MENININHA MAIQUINIQUE\" width=\"499\" height=\"310\" \/><\/p>\n<p>O Tribunal de Contas dos Munic\u00edpios, nesta quarta-feira (30), rejeitou as contas da prefeitura de Maiquinique, da responsabilidade de Aparecida Campos, referentes ao exerc\u00edcio de 2015. As contas da prefeita &#8216;Minininha&#8217; tiveram como motivo principal para rejei\u00e7\u00e3o, a extrapola\u00e7\u00e3o do limite m\u00e1ximo de 54% para despesas com pessoal, conforme prev\u00ea a Lei de Responsabilidade Fiscal.<\/p>\n<p>A prefeitura de Maiquinique, ao final do 3\u00ba quadrimestre de 2015, comprometeu 65,45% da RCL apenas em gastos com pessoal, o que comprometeu o m\u00e9rito das contas. O conselheiro relator, Paolo Marconi, multou a gestora Maria Aparecida Campos em R$36 mil, equivalente a 30% dos seus subs\u00eddios anuais, pela n\u00e3o recondu\u00e7\u00e3o do \u00edndice de pessoal ao legalmente permitido e em R$4 mil, por falhas identificadas durante a an\u00e1lise do relat\u00f3rio t\u00e9cnico.<\/p>\n<p>Foi determinado ainda o ressarcimento aos cofres municipais da quantia de R$32,12, com recursos pessoais, pelo pagamento de juros e multas por atraso no adimplemento de obriga\u00e7\u00f5es junto \u00e0 Coelba, Telemar e Embasa. Cabe recurso da decis\u00e3o. \/\/ Ascom TCM<\/p>\n","protected":false},"excerpt":{"rendered":"<p>O Tribunal de Contas dos Munic\u00edpios, nesta quarta-feira (30), rejeitou as contas da prefeitura de Maiquinique, da responsabilidade de Aparecida Campos, referentes ao exerc\u00edcio de 2015. As contas da prefeita &#8216;Minininha&#8217; tiveram como motivo principal para rejei\u00e7\u00e3o, a extrapola\u00e7\u00e3o do limite m\u00e1ximo de 54% para despesas com pessoal, conforme prev\u00ea a Lei de Responsabilidade Fiscal. [&hellip;]<\/p>\n","protected":false},"author":2,"featured_media":0,"comment_status":"open","ping_status":"open","sticky":false,"template":"","format":"standard","meta":{"footnotes":"","_links_to":"","_links_to_target":""},"categories":[1],"tags":[],"class_list":["post-62729","post","type-post","status-publish","format-standard","hentry","category-geral"],"views":1686,"_links":{"self":[{"href":"https:\/\/www.sudoestehoje.com.br\/novoportal\/wp-json\/wp\/v2\/posts\/62729","targetHints":{"allow":["GET"]}}],"collection":[{"href":"https:\/\/www.sudoestehoje.com.br\/novoportal\/wp-json\/wp\/v2\/posts"}],"about":[{"href":"https:\/\/www.sudoestehoje.com.br\/novoportal\/wp-json\/wp\/v2\/types\/post"}],"author":[{"embeddable":true,"href":"https:\/\/www.sudoestehoje.com.br\/novoportal\/wp-json\/wp\/v2\/users\/2"}],"replies":[{"embeddable":true,"href":"https:\/\/www.sudoestehoje.com.br\/novoportal\/wp-json\/wp\/v2\/comments?post=62729"}],"version-history":[{"count":1,"href":"https:\/\/www.sudoestehoje.com.br\/novoportal\/wp-json\/wp\/v2\/posts\/62729\/revisions"}],"predecessor-version":[{"id":62731,"href":"https:\/\/www.sudoestehoje.com.br\/novoportal\/wp-json\/wp\/v2\/posts\/62729\/revisions\/62731"}],"wp:attachment":[{"href":"https:\/\/www.sudoestehoje.com.br\/novoportal\/wp-json\/wp\/v2\/media?parent=62729"}],"wp:term":[{"taxonomy":"category","embeddable":true,"href":"https:\/\/www.sudoestehoje.com.br\/novoportal\/wp-json\/wp\/v2\/categories?post=62729"},{"taxonomy":"post_tag","embeddable":true,"href":"https:\/\/www.sudoestehoje.com.br\/novoportal\/wp-json\/wp\/v2\/tags?post=62729"}],"curies":[{"name":"wp","href":"https:\/\/api.w.org\/{rel}","templated":true}]}}