
{"id":62702,"date":"2016-11-29T07:31:33","date_gmt":"2016-11-29T10:31:33","guid":{"rendered":"http:\/\/www.sudoestehoje.com.br\/novoportal\/?p=62702"},"modified":"2016-11-29T07:31:33","modified_gmt":"2016-11-29T10:31:33","slug":"aviao-com-delegacao-da-chapecoense-cai-na-colombia-e-mata-76-pessoas","status":"publish","type":"post","link":"https:\/\/www.sudoestehoje.com.br\/novoportal\/2016\/11\/29\/aviao-com-delegacao-da-chapecoense-cai-na-colombia-e-mata-76-pessoas\/","title":{"rendered":"AVI\u00c3O COM DELEGA\u00c7\u00c3O DA CHAPECOENSE CAI NA COL\u00d4MBIA E MATA 76 PESSOAS"},"content":{"rendered":"<p><a href=\"http:\/\/www.sudoestehoje.com.br\/novoportal\/wp-content\/uploads\/2016\/11\/chapeco.jpg\"><img loading=\"lazy\" decoding=\"async\" class=\"aligncenter size-medium wp-image-62703\" src=\"http:\/\/www.sudoestehoje.com.br\/novoportal\/wp-content\/uploads\/2016\/11\/chapeco-500x300.jpg\" alt=\"chapeco\" width=\"500\" height=\"300\" srcset=\"https:\/\/www.sudoestehoje.com.br\/novoportal\/wp-content\/uploads\/2016\/11\/chapeco-500x300.jpg 500w, https:\/\/www.sudoestehoje.com.br\/novoportal\/wp-content\/uploads\/2016\/11\/chapeco.jpg 699w\" sizes=\"auto, (max-width: 500px) 100vw, 500px\" \/><\/a><\/p>\n<p>Setenta e seis pessoas morreram na queda do avi\u00e3o da delega\u00e7\u00e3o do time de futebol Chapecoense, na Col\u00f4mbia. Apenas cinco pessoas sobreviveram ao acidente e est\u00e3o em hospitais de cidades pr\u00f3ximas \u00e0 Medel\u00edn. A informa\u00e7\u00e3o foi confirmada pelo general Azevedo, da pol\u00edcia colombiana, que acompanhou o resgate na regi\u00e3o de Antioquia, em local de dif\u00edcil acesso. &#8220;Infelizmente, n\u00e3o h\u00e1 mais sobreviventes&#8221;, afirmou o general em entrevista \u00e0 radio Caracol de Medel\u00edn.<\/p>\n<p>Entre os mortos est\u00e3o os jogadores pernambucanos Kempes e Cleber Santana, que atuavam pela Chapecoense. De acordo com o general Azevedo, seis pessoas foram retiradas com vida do local do acidente, mas uma morreu a caminho do hospital. Os sobreviventes s\u00e3o o lateral esquerdo Alan Ruschel, os goleiros Danilo Padilha e Jackson Follman, a comiss\u00e1ria de bordo Jimena Su\u00e1rez e o narrador da r\u00e1dio Oeste Rafael Henzel. Os feridos est\u00e3o em hospitais das cidades de Rionegro e La Ceja.<\/p>\n<p><a href=\"http:\/\/www.sudoestehoje.com.br\/novoportal\/wp-content\/uploads\/2016\/11\/Chapeco-1.jpg\"><img loading=\"lazy\" decoding=\"async\" class=\"aligncenter size-medium wp-image-62704\" src=\"http:\/\/www.sudoestehoje.com.br\/novoportal\/wp-content\/uploads\/2016\/11\/Chapeco-1-500x335.jpg\" alt=\"chapeco-1\" width=\"500\" height=\"335\" srcset=\"https:\/\/www.sudoestehoje.com.br\/novoportal\/wp-content\/uploads\/2016\/11\/Chapeco-1-500x335.jpg 500w, https:\/\/www.sudoestehoje.com.br\/novoportal\/wp-content\/uploads\/2016\/11\/Chapeco-1.jpg 634w\" sizes=\"auto, (max-width: 500px) 100vw, 500px\" \/><\/a><\/p>\n<p>O avi\u00e3o, da empresa boliviana Lamia, transportava 81 pessoas, sendo 72 passageiros (48 membros do time, 21 jornalistas e tr\u00eas convidados) e 9 tripulantes. O avi\u00e3o se partiu em tr\u00eas ao cair na madrugada desta ter\u00e7a-feira, a apenas cinco minutos do aeroporto de Rionegro. O resgate dos sobreviventes foi bastante dif\u00edcil, j\u00e1 que a regi\u00e3o da queda \u00e9 montanhosa e chovia bastante. Tr\u00eas equipes com trinta pessoas cada participaram das buscas, que foram suspensas temporariamente ap\u00f3s a confirma\u00e7\u00e3o das 76 mortes.<\/p>\n<p>Em nota oficial o aeroporto de Medel\u00edn afirma que a causa da queda foi uma falha el\u00e9trica. Informa\u00e7\u00f5es ainda n\u00e3o confirmadas indicam que o piloto do avi\u00e3o teria entrado em contato com a torre de controle e informado que a aeronave estava sem combust\u00edvel suficiente para chegar ao aeroporto.<\/p>\n<p>O avi\u00e3o havia sa\u00eddo de Guarulhos, por volta das 18h de ontem, e seguiu para a cidade de Santa Cruz de La Sierra, onde fez uma parada t\u00e9cnica. O Chapecoense iria jogar nesta quarta-feira contra o Atl\u00e9tico Nacional pela final da Copa Sul-Americana. <a href=\"http:\/\/www.conmebol.com\/es\/comunicado-la-opinion-publica\" target=\"blank\">A Conmebol j\u00e1 adiou indefinidamente a data da final<\/a>. O presidente da Conmebol, Alejandro Dominguez, lamentou o acidente e est\u00e1 indo para Medell\u00edn acompanhar a situa\u00e7\u00e3o.<\/p>\n","protected":false},"excerpt":{"rendered":"<p>Setenta e seis pessoas morreram na queda do avi\u00e3o da delega\u00e7\u00e3o do time de futebol Chapecoense, na Col\u00f4mbia. Apenas cinco pessoas sobreviveram ao acidente e est\u00e3o em hospitais de cidades pr\u00f3ximas \u00e0 Medel\u00edn. A informa\u00e7\u00e3o foi confirmada pelo general Azevedo, da pol\u00edcia colombiana, que acompanhou o resgate na regi\u00e3o de Antioquia, em local de dif\u00edcil [&hellip;]<\/p>\n","protected":false},"author":2,"featured_media":0,"comment_status":"open","ping_status":"open","sticky":false,"template":"","format":"standard","meta":{"footnotes":"","_links_to":"","_links_to_target":""},"categories":[1],"tags":[],"class_list":["post-62702","post","type-post","status-publish","format-standard","hentry","category-geral"],"views":5290,"_links":{"self":[{"href":"https:\/\/www.sudoestehoje.com.br\/novoportal\/wp-json\/wp\/v2\/posts\/62702","targetHints":{"allow":["GET"]}}],"collection":[{"href":"https:\/\/www.sudoestehoje.com.br\/novoportal\/wp-json\/wp\/v2\/posts"}],"about":[{"href":"https:\/\/www.sudoestehoje.com.br\/novoportal\/wp-json\/wp\/v2\/types\/post"}],"author":[{"embeddable":true,"href":"https:\/\/www.sudoestehoje.com.br\/novoportal\/wp-json\/wp\/v2\/users\/2"}],"replies":[{"embeddable":true,"href":"https:\/\/www.sudoestehoje.com.br\/novoportal\/wp-json\/wp\/v2\/comments?post=62702"}],"version-history":[{"count":2,"href":"https:\/\/www.sudoestehoje.com.br\/novoportal\/wp-json\/wp\/v2\/posts\/62702\/revisions"}],"predecessor-version":[{"id":62706,"href":"https:\/\/www.sudoestehoje.com.br\/novoportal\/wp-json\/wp\/v2\/posts\/62702\/revisions\/62706"}],"wp:attachment":[{"href":"https:\/\/www.sudoestehoje.com.br\/novoportal\/wp-json\/wp\/v2\/media?parent=62702"}],"wp:term":[{"taxonomy":"category","embeddable":true,"href":"https:\/\/www.sudoestehoje.com.br\/novoportal\/wp-json\/wp\/v2\/categories?post=62702"},{"taxonomy":"post_tag","embeddable":true,"href":"https:\/\/www.sudoestehoje.com.br\/novoportal\/wp-json\/wp\/v2\/tags?post=62702"}],"curies":[{"name":"wp","href":"https:\/\/api.w.org\/{rel}","templated":true}]}}