
{"id":6269,"date":"2011-06-30T23:14:28","date_gmt":"2011-07-01T02:14:28","guid":{"rendered":"http:\/\/www.sudoestehoje.com.br\/novoportal\/?p=6269"},"modified":"2011-06-30T23:20:44","modified_gmt":"2011-07-01T02:20:44","slug":"nova-brasilia-pede-socorro","status":"publish","type":"post","link":"https:\/\/www.sudoestehoje.com.br\/novoportal\/2011\/06\/30\/nova-brasilia-pede-socorro\/","title":{"rendered":"NOVA BRASILIA PEDE SOCORRO"},"content":{"rendered":"<table cellspacing=\"0\" cellpadding=\"0\" width=\"100%\">\n<tbody>\n<tr>\n<td>\n<p style=\"text-align: center;\"><a href=\"http:\/\/www.google.com.br\/imgres?imgurl=http:\/\/www.blogdogusmao.com.br\/v1\/wp-content\/uploads\/2011\/05\/revolver_violencia_thumb2.jpg&amp;imgrefurl=http:\/\/www.blogdogusmao.com.br\/v1\/category\/violencia\/&amp;usg=__4G11sQn75zxNU0OkU7CGAVLUYUQ=&amp;h=324&amp;w=317&amp;sz=13&amp;hl=pt-BR&amp;start=15&amp;zoom=1&amp;itbs=1&amp;tbnid=uc6FT9I1dLmbDM:&amp;tbnh=118&amp;tbnw=115&amp;prev=\/search%3Fq%3DVIOLENCIA%26hl%3Dpt-BR%26sa%3DN%26biw%3D1259%26bih%3D646%26gbv%3D2%26ndsp%3D20%26tbm%3Disch&amp;ei=ySoNTseVMMTJgQe-14XuDQ\"><img loading=\"lazy\" decoding=\"async\" id=\"uc6FT9I1dLmbDM:\" class=\"aligncenter\" src=\"http:\/\/t1.gstatic.com\/images?q=tbn:ANd9GcRHNXb4CKW5_qZQcc2jVnWWJLhhVIFXXWgLhOHem1TnrV-4x626pauJGQ\" alt=\"\" width=\"115\" height=\"118\" \/><\/a><\/p>\n<p>A moradora Vania Rocha, do Distrito de Nova Brasilia, munic\u00edpio de Ribeir\u00e3o do Largo, nos enviou este apelo: &#8220;Ol\u00e1 Davi Ferraz desse \u00f3timo blog,gostaria de pedir o apoio de voc\u00eas ,afinal ,n\u00f3s moradores do distrito de Nova Bras\u00edlia estamos sem seguran\u00e7a alguma,falta policiamento,nem um guarda municipal tem aqui e por se tratar de um lugar onde \u00e9 rota de fuga de assaltantes, n\u00f3s moradores e principalmente comerciantes estamos a merc\u00ea da sorte ,j\u00e1 que at\u00e9 agora n\u00e3o veio o policiamento prometido para n\u00f3s,vale salientar que a viatura de Ribeir\u00e3o do Largo n\u00e3o vem aqui nem a passeio, agradecemos o espa\u00e7o!&#8221;<\/td>\n<\/tr>\n<tr>\n<td>\u00a0<\/td>\n<td>\u00a0<\/td>\n<\/tr>\n<tr>\n<td>\u00a0<\/td>\n<td>\u00a0<\/td>\n<\/tr>\n<tr>\n<td>\u00a0<\/td>\n<td>\u00a0<\/td>\n<\/tr>\n<\/tbody>\n<\/table>\n","protected":false},"excerpt":{"rendered":"<p>A moradora Vania Rocha, do Distrito de Nova Brasilia, munic\u00edpio de Ribeir\u00e3o do Largo, nos enviou este apelo: &#8220;Ol\u00e1 Davi Ferraz desse \u00f3timo blog,gostaria de pedir o apoio de voc\u00eas ,afinal ,n\u00f3s moradores do distrito de Nova Bras\u00edlia estamos sem seguran\u00e7a alguma,falta policiamento,nem um guarda municipal tem aqui e por se tratar de um lugar [&hellip;]<\/p>\n","protected":false},"author":2,"featured_media":0,"comment_status":"open","ping_status":"open","sticky":false,"template":"","format":"standard","meta":{"footnotes":"","_links_to":"","_links_to_target":""},"categories":[11],"tags":[],"class_list":["post-6269","post","type-post","status-publish","format-standard","hentry","category-quentinhas"],"views":1005,"_links":{"self":[{"href":"https:\/\/www.sudoestehoje.com.br\/novoportal\/wp-json\/wp\/v2\/posts\/6269","targetHints":{"allow":["GET"]}}],"collection":[{"href":"https:\/\/www.sudoestehoje.com.br\/novoportal\/wp-json\/wp\/v2\/posts"}],"about":[{"href":"https:\/\/www.sudoestehoje.com.br\/novoportal\/wp-json\/wp\/v2\/types\/post"}],"author":[{"embeddable":true,"href":"https:\/\/www.sudoestehoje.com.br\/novoportal\/wp-json\/wp\/v2\/users\/2"}],"replies":[{"embeddable":true,"href":"https:\/\/www.sudoestehoje.com.br\/novoportal\/wp-json\/wp\/v2\/comments?post=6269"}],"version-history":[{"count":4,"href":"https:\/\/www.sudoestehoje.com.br\/novoportal\/wp-json\/wp\/v2\/posts\/6269\/revisions"}],"predecessor-version":[{"id":6271,"href":"https:\/\/www.sudoestehoje.com.br\/novoportal\/wp-json\/wp\/v2\/posts\/6269\/revisions\/6271"}],"wp:attachment":[{"href":"https:\/\/www.sudoestehoje.com.br\/novoportal\/wp-json\/wp\/v2\/media?parent=6269"}],"wp:term":[{"taxonomy":"category","embeddable":true,"href":"https:\/\/www.sudoestehoje.com.br\/novoportal\/wp-json\/wp\/v2\/categories?post=6269"},{"taxonomy":"post_tag","embeddable":true,"href":"https:\/\/www.sudoestehoje.com.br\/novoportal\/wp-json\/wp\/v2\/tags?post=6269"}],"curies":[{"name":"wp","href":"https:\/\/api.w.org\/{rel}","templated":true}]}}