
{"id":62689,"date":"2016-11-28T14:55:54","date_gmt":"2016-11-28T17:55:54","guid":{"rendered":"http:\/\/www.sudoestehoje.com.br\/novoportal\/?p=62689"},"modified":"2016-11-28T14:55:54","modified_gmt":"2016-11-28T17:55:54","slug":"funcionarios-do-cristo-entram-em-greve-por-reajuste-salarial-salarios-foram-pagos","status":"publish","type":"post","link":"https:\/\/www.sudoestehoje.com.br\/novoportal\/2016\/11\/28\/funcionarios-do-cristo-entram-em-greve-por-reajuste-salarial-salarios-foram-pagos\/","title":{"rendered":"FUNCION\u00c1RIOS DO CRISTO ENTRAM EM GREVE POR REAJUSTE SALARIAL; SAL\u00c1RIOS FORAM PAGOS"},"content":{"rendered":"<p><img loading=\"lazy\" decoding=\"async\" class=\"\" src=\"https:\/\/scontent.fcgh5-1.fna.fbcdn.net\/v\/t1.0-9\/15232100_1191440684280664_3295370552602024417_n.jpg?oh=fd120ab934f16b8bd3a02f006bb86010&amp;oe=58B4D5FC\" width=\"500\" height=\"375\" \/><\/p>\n<p>Desde o in\u00edcio da semana passada que os funcion\u00e1rios do Hospital Cristo Redentor, em Itapetinga, vinham protestando por conta do atraso no pagamento dos sal\u00e1rios de outubro, com previs\u00e3o de greve a partir desta segunda-feira (28), caso a Funda\u00e7\u00e3o Jos\u00e9 Silveira n\u00e3o depositasse o valor integral da folha, at\u00e9 a \u00faltima sexta-feira (25).<\/p>\n<p>De acordo com dirigentes do hospital, n\u00e3o foi poss\u00edvel efetuar em dia o pagamento das folha dos seus funcion\u00e1rios, em virtude do atraso no repasse do SUS, por parte da Secretaria Municipal de Sa\u00fade, por raz\u00f5es operacionais, o que foi sanado na sexta-feira, com a folha de outubro sendo paga integralmente.<\/p>\n<p>Apesar de resolvida a quest\u00e3o salarial, o sindicato representativo da categoria (SINTESI) decidiu manter a greve a partir de hoje, para reivindicar reajuste salarial que, segundo seus representantes, deveria ter sido dado desde janeiro deste ano, mas que ainda n\u00e3o foi efetuado pela FJS.<\/p>\n<p>Com isto, o \u00fanico hospital de Itapetinga permanecer\u00e1 totalmente parado, at\u00e9 que haja uma solu\u00e7\u00e3o para o impasse, o que ser\u00e1 tentado em um mesa de negocia\u00e7\u00e3o mercada para esta tarde, entre os sindicalistas e representantes da Funda\u00e7\u00e3o Jos\u00e9 Silveira.<\/p>\n<p>Pacientes em estado grave e casos de emerg\u00eancia est\u00e3o sendo encaminhados para a UPA 24H.<\/p>\n<p><strong><em>Por Davi Ferraz\u00a0<\/em><\/strong><\/p>\n<p>&nbsp;<\/p>\n","protected":false},"excerpt":{"rendered":"<p>Desde o in\u00edcio da semana passada que os funcion\u00e1rios do Hospital Cristo Redentor, em Itapetinga, vinham protestando por conta do atraso no pagamento dos sal\u00e1rios de outubro, com previs\u00e3o de greve a partir desta segunda-feira (28), caso a Funda\u00e7\u00e3o Jos\u00e9 Silveira n\u00e3o depositasse o valor integral da folha, at\u00e9 a \u00faltima sexta-feira (25). De acordo [&hellip;]<\/p>\n","protected":false},"author":2,"featured_media":0,"comment_status":"open","ping_status":"open","sticky":false,"template":"","format":"standard","meta":{"footnotes":"","_links_to":"","_links_to_target":""},"categories":[1],"tags":[],"class_list":["post-62689","post","type-post","status-publish","format-standard","hentry","category-geral"],"views":1915,"_links":{"self":[{"href":"https:\/\/www.sudoestehoje.com.br\/novoportal\/wp-json\/wp\/v2\/posts\/62689","targetHints":{"allow":["GET"]}}],"collection":[{"href":"https:\/\/www.sudoestehoje.com.br\/novoportal\/wp-json\/wp\/v2\/posts"}],"about":[{"href":"https:\/\/www.sudoestehoje.com.br\/novoportal\/wp-json\/wp\/v2\/types\/post"}],"author":[{"embeddable":true,"href":"https:\/\/www.sudoestehoje.com.br\/novoportal\/wp-json\/wp\/v2\/users\/2"}],"replies":[{"embeddable":true,"href":"https:\/\/www.sudoestehoje.com.br\/novoportal\/wp-json\/wp\/v2\/comments?post=62689"}],"version-history":[{"count":3,"href":"https:\/\/www.sudoestehoje.com.br\/novoportal\/wp-json\/wp\/v2\/posts\/62689\/revisions"}],"predecessor-version":[{"id":62693,"href":"https:\/\/www.sudoestehoje.com.br\/novoportal\/wp-json\/wp\/v2\/posts\/62689\/revisions\/62693"}],"wp:attachment":[{"href":"https:\/\/www.sudoestehoje.com.br\/novoportal\/wp-json\/wp\/v2\/media?parent=62689"}],"wp:term":[{"taxonomy":"category","embeddable":true,"href":"https:\/\/www.sudoestehoje.com.br\/novoportal\/wp-json\/wp\/v2\/categories?post=62689"},{"taxonomy":"post_tag","embeddable":true,"href":"https:\/\/www.sudoestehoje.com.br\/novoportal\/wp-json\/wp\/v2\/tags?post=62689"}],"curies":[{"name":"wp","href":"https:\/\/api.w.org\/{rel}","templated":true}]}}