
{"id":62673,"date":"2016-11-26T18:56:34","date_gmt":"2016-11-26T21:56:34","guid":{"rendered":"http:\/\/www.sudoestehoje.com.br\/novoportal\/?p=62673"},"modified":"2016-11-26T18:56:34","modified_gmt":"2016-11-26T21:56:34","slug":"mesmo-perdendo-bahia-sobe-para-a-1a-divisao-do-brasileirao-vasco-tambem-subiu","status":"publish","type":"post","link":"https:\/\/www.sudoestehoje.com.br\/novoportal\/2016\/11\/26\/mesmo-perdendo-bahia-sobe-para-a-1a-divisao-do-brasileirao-vasco-tambem-subiu\/","title":{"rendered":"MESMO PERDENDO, BAHIA SOBE PARA A 1\u00aa DIVIS\u00c3O DO BRASILEIR\u00c3O; VASCO TAMB\u00c9M SUBIU"},"content":{"rendered":"<p><strong><a class=\"lazyOwl\" href=\"http:\/\/varelanoticias.com.br\/bahia-retorna-a-serie-a-em-combinacao-de-resultados-apos-derrota-para-atletico-go-veja-gols\/\"><img loading=\"lazy\" decoding=\"async\" class=\"aligncenter\" src=\"http:\/\/varelanoticias.com.br\/wp-content\/uploads\/2016\/11\/Bahia-Atl%C3%A9tico-Goianiense-3-550x320.jpeg\" alt=\"Bahia retorna \u00e0 S\u00e9rie A em combina\u00e7\u00e3o de resultados ap\u00f3s derrota para Atl\u00e9tico-GO; Veja gols\" width=\"500\" height=\"291\" \/><\/a><\/strong><\/p>\n<p>O Bahia perdeu por 2 a 1 para o Atl\u00e9tico Goianiense no in\u00edcio da noite deste s\u00e1bado (27) e passou a n\u00e3o depender de si para conquistar a classifica\u00e7\u00e3o para a primeira divis\u00e3o do Brasileir\u00e3o 2017. O Esquadr\u00e3o entrou em campo dependendo somente de um empate para voltar \u00e0 elite do futebol brasileiro, mas acabou cedendo a virada ao campe\u00e3o da S\u00e9rie B no 2\u00ba tempo.<\/p>\n<p>O que fez o tricolor se dar bem foi a derrota do N\u00e1utico em casa para o Oeste por 2 a 0. O que manteve a dist\u00e2ncia de 3 pontos entre as equipes. Praticamente um abismo, j\u00e1 que o Esquadr\u00e3o terminou a competi\u00e7\u00e3o em 4\u00ba lugar com 63 pontos, enquanto o Timbu morreu na praia em 5\u00ba lugar.<\/p>\n<p>No Maracan\u00e3 lotado, o Vasco da Gama tamb\u00e9m conseguiu o acesso para a S\u00e9rie A do Brasileir\u00e3o, ao derrotar o Cear\u00e1, de virada, por 2 a 1, ficando com a 3\u00aa coloca\u00e7\u00e3o.<\/p>\n<p>Subiram para a S\u00e9rie A, o Atl\u00e9tico de Goi\u00e1s, Ava\u00ed, Vasco da Gama e Bahia.<\/p>\n","protected":false},"excerpt":{"rendered":"<p>O Bahia perdeu por 2 a 1 para o Atl\u00e9tico Goianiense no in\u00edcio da noite deste s\u00e1bado (27) e passou a n\u00e3o depender de si para conquistar a classifica\u00e7\u00e3o para a primeira divis\u00e3o do Brasileir\u00e3o 2017. O Esquadr\u00e3o entrou em campo dependendo somente de um empate para voltar \u00e0 elite do futebol brasileiro, mas acabou [&hellip;]<\/p>\n","protected":false},"author":2,"featured_media":0,"comment_status":"open","ping_status":"open","sticky":false,"template":"","format":"standard","meta":{"footnotes":"","_links_to":"","_links_to_target":""},"categories":[1],"tags":[],"class_list":["post-62673","post","type-post","status-publish","format-standard","hentry","category-geral"],"views":2275,"_links":{"self":[{"href":"https:\/\/www.sudoestehoje.com.br\/novoportal\/wp-json\/wp\/v2\/posts\/62673","targetHints":{"allow":["GET"]}}],"collection":[{"href":"https:\/\/www.sudoestehoje.com.br\/novoportal\/wp-json\/wp\/v2\/posts"}],"about":[{"href":"https:\/\/www.sudoestehoje.com.br\/novoportal\/wp-json\/wp\/v2\/types\/post"}],"author":[{"embeddable":true,"href":"https:\/\/www.sudoestehoje.com.br\/novoportal\/wp-json\/wp\/v2\/users\/2"}],"replies":[{"embeddable":true,"href":"https:\/\/www.sudoestehoje.com.br\/novoportal\/wp-json\/wp\/v2\/comments?post=62673"}],"version-history":[{"count":2,"href":"https:\/\/www.sudoestehoje.com.br\/novoportal\/wp-json\/wp\/v2\/posts\/62673\/revisions"}],"predecessor-version":[{"id":62675,"href":"https:\/\/www.sudoestehoje.com.br\/novoportal\/wp-json\/wp\/v2\/posts\/62673\/revisions\/62675"}],"wp:attachment":[{"href":"https:\/\/www.sudoestehoje.com.br\/novoportal\/wp-json\/wp\/v2\/media?parent=62673"}],"wp:term":[{"taxonomy":"category","embeddable":true,"href":"https:\/\/www.sudoestehoje.com.br\/novoportal\/wp-json\/wp\/v2\/categories?post=62673"},{"taxonomy":"post_tag","embeddable":true,"href":"https:\/\/www.sudoestehoje.com.br\/novoportal\/wp-json\/wp\/v2\/tags?post=62673"}],"curies":[{"name":"wp","href":"https:\/\/api.w.org\/{rel}","templated":true}]}}