
{"id":62616,"date":"2016-11-22T20:40:24","date_gmt":"2016-11-22T23:40:24","guid":{"rendered":"http:\/\/www.sudoestehoje.com.br\/novoportal\/?p=62616"},"modified":"2016-11-22T20:47:06","modified_gmt":"2016-11-22T23:47:06","slug":"contra-a-pec-55-e-reforma-do-ensino-professores-da-uesb-deflagram-greve","status":"publish","type":"post","link":"https:\/\/www.sudoestehoje.com.br\/novoportal\/2016\/11\/22\/contra-a-pec-55-e-reforma-do-ensino-professores-da-uesb-deflagram-greve\/","title":{"rendered":"CONTRA A PEC-55 E REFORMA DO ENSINO, PROFESSORES DA UESB DEFLAGRAM GREVE"},"content":{"rendered":"<p><img loading=\"lazy\" decoding=\"async\" class=\"\" src=\"http:\/\/static.blogdaresenhageral.com.br\/wp-content\/uploads\/2016\/11\/dsc_0319.jpg?x43390\" alt=\"dsc_0319\" width=\"499\" height=\"349\" \/><\/p>\n<p>Os docentes da Universidade Estadual do Sudoeste da Bahia (Uesb) deflagraram greve por tempo indeterminado. A decis\u00e3o foi tomada durante assembleia realizada na tarde desta ter\u00e7a-feira (22).\u00a0A\u00a0suspens\u00e3o de atividades come\u00e7ar\u00e1 no dia 28 de novembro, pr\u00f3xima segunda-feira.<\/p>\n<p>De acordo com a Adusb, o Comando de greve tamb\u00e9m foi aprovado em assembleia e ser\u00e1 instalado no dia 24 de novembro, \u00e0s 9 horas, no campus de Vit\u00f3ria da Conquista. Na oportunidade, ser\u00e3o discutidas as comiss\u00f5es e as atividades docentes que ser\u00e3o mantidas durante o movimento paredista.<\/p>\n<p>O movimento faz parte da articula\u00e7\u00e3o nacional do Andes-SN, do qual a ADUSB \u00e9 sess\u00e3o sindical. As associa\u00e7\u00f5es docentes que comp\u00f5em os setores das institui\u00e7\u00f5es de ensino superior das federais, estaduais e municipais indicaram a deflagra\u00e7\u00e3o da greve em todo pa\u00eds.<\/p>\n<p>A categoria\u00a0\u00e9 contra a PEC 55 (antiga 241), congelamento de sal\u00e1rios e a MP 746 (reforma do ensino m\u00e9dio). Por conta da ocupa\u00e7\u00e3o dos tr\u00eas campi (Conquista, Itapetinga e Jequi\u00e9), pelos mesmos prop\u00f3sitos, as aulas na universidade j\u00e1 est\u00e3o paralisadas h\u00e1 cerca de um m\u00eas.<\/p>\n<p><img decoding=\"async\" class=\"aligncenter\" src=\"http:\/\/www.sudoestehoje.com.br\/novoportal\/wp-content\/uploads\/2014\/07\/Feira-do-Lar-1.png\" alt=\"Feira-do-Lar (1)\" \/><\/p>\n","protected":false},"excerpt":{"rendered":"<p>Os docentes da Universidade Estadual do Sudoeste da Bahia (Uesb) deflagraram greve por tempo indeterminado. A decis\u00e3o foi tomada durante assembleia realizada na tarde desta ter\u00e7a-feira (22).\u00a0A\u00a0suspens\u00e3o de atividades come\u00e7ar\u00e1 no dia 28 de novembro, pr\u00f3xima segunda-feira. De acordo com a Adusb, o Comando de greve tamb\u00e9m foi aprovado em assembleia e ser\u00e1 instalado no [&hellip;]<\/p>\n","protected":false},"author":2,"featured_media":0,"comment_status":"open","ping_status":"open","sticky":false,"template":"","format":"standard","meta":{"footnotes":"","_links_to":"","_links_to_target":""},"categories":[1],"tags":[],"class_list":["post-62616","post","type-post","status-publish","format-standard","hentry","category-geral"],"views":1659,"_links":{"self":[{"href":"https:\/\/www.sudoestehoje.com.br\/novoportal\/wp-json\/wp\/v2\/posts\/62616","targetHints":{"allow":["GET"]}}],"collection":[{"href":"https:\/\/www.sudoestehoje.com.br\/novoportal\/wp-json\/wp\/v2\/posts"}],"about":[{"href":"https:\/\/www.sudoestehoje.com.br\/novoportal\/wp-json\/wp\/v2\/types\/post"}],"author":[{"embeddable":true,"href":"https:\/\/www.sudoestehoje.com.br\/novoportal\/wp-json\/wp\/v2\/users\/2"}],"replies":[{"embeddable":true,"href":"https:\/\/www.sudoestehoje.com.br\/novoportal\/wp-json\/wp\/v2\/comments?post=62616"}],"version-history":[{"count":4,"href":"https:\/\/www.sudoestehoje.com.br\/novoportal\/wp-json\/wp\/v2\/posts\/62616\/revisions"}],"predecessor-version":[{"id":62620,"href":"https:\/\/www.sudoestehoje.com.br\/novoportal\/wp-json\/wp\/v2\/posts\/62616\/revisions\/62620"}],"wp:attachment":[{"href":"https:\/\/www.sudoestehoje.com.br\/novoportal\/wp-json\/wp\/v2\/media?parent=62616"}],"wp:term":[{"taxonomy":"category","embeddable":true,"href":"https:\/\/www.sudoestehoje.com.br\/novoportal\/wp-json\/wp\/v2\/categories?post=62616"},{"taxonomy":"post_tag","embeddable":true,"href":"https:\/\/www.sudoestehoje.com.br\/novoportal\/wp-json\/wp\/v2\/tags?post=62616"}],"curies":[{"name":"wp","href":"https:\/\/api.w.org\/{rel}","templated":true}]}}