
{"id":62578,"date":"2016-11-21T13:11:24","date_gmt":"2016-11-21T16:11:24","guid":{"rendered":"http:\/\/www.sudoestehoje.com.br\/novoportal\/?p=62578"},"modified":"2016-11-21T13:21:59","modified_gmt":"2016-11-21T16:21:59","slug":"itapetinga-rodrigo-hagge-se-reune-com-ze-carlos-para-tratar-da-transicao","status":"publish","type":"post","link":"https:\/\/www.sudoestehoje.com.br\/novoportal\/2016\/11\/21\/itapetinga-rodrigo-hagge-se-reune-com-ze-carlos-para-tratar-da-transicao\/","title":{"rendered":"ITAPETINGA: RODRIGO HAGGE SE RE\u00daNE COM Z\u00c9 CARLOS PARA TRATAR DA TRANSI\u00c7\u00c3O"},"content":{"rendered":"<p><img loading=\"lazy\" decoding=\"async\" class=\"aligncenter\" src=\"https:\/\/scontent-gru2-1.xx.fbcdn.net\/v\/t1.0-9\/15135841_1181923808565685_5675615784459452184_n.jpg?oh=0c11389457b9a10e9bdc5906e4982738&amp;oe=5886AB8D\" width=\"501\" height=\"282\" \/><\/p>\n<p>Por iniciativa do pr\u00f3prio prefeito Z\u00e9 Carlos, que encerra o seu mandato em 31 de dezembro, o prefeito eleito Rodrigo Hagge se reuniu com o alcaide, na manh\u00e3 desta segunda-feira (21), para tratar da transi\u00e7\u00e3o de governo, que ainda n\u00e3o deslanchou por falta de um decreto do Poder Executivo, autorizando o seu in\u00edcio.<\/p>\n<p>O encontro foi cordial, com Rodrigo Hagge sendo acompanhado do democrata Geraldo Trindade, e Z\u00e9 Carlos pela primeira dama e assessores.<\/p>\n<p>Na conversa,o atual prefeito assegurou a Rodrigo que n\u00e3o adotar\u00e1 nenhuma medida que possa criar obst\u00e1culos \u00e0 sua futura administra\u00e7\u00e3o, como chegou a ser articulado por alguns membros da sua bancada na c\u00e2mara de vereadores e denunciado por este blog.<\/p>\n<p>Rodrigo agradeceu a boa vontade do chefe do executivo e s\u00f3 aguarda as provid\u00eancias necess\u00e1rias para que possa ser iniciada a transi\u00e7\u00e3o de governo, como manda a lei.<\/p>\n<p>At\u00e9 que enfim, uma atitude sensata do atual chefe do executivo.<\/p>\n<p><strong><em>Por Davi Ferraz<\/em><\/strong><\/p>\n","protected":false},"excerpt":{"rendered":"<p>Por iniciativa do pr\u00f3prio prefeito Z\u00e9 Carlos, que encerra o seu mandato em 31 de dezembro, o prefeito eleito Rodrigo Hagge se reuniu com o alcaide, na manh\u00e3 desta segunda-feira (21), para tratar da transi\u00e7\u00e3o de governo, que ainda n\u00e3o deslanchou por falta de um decreto do Poder Executivo, autorizando o seu in\u00edcio. O encontro [&hellip;]<\/p>\n","protected":false},"author":2,"featured_media":0,"comment_status":"open","ping_status":"open","sticky":false,"template":"","format":"standard","meta":{"footnotes":"","_links_to":"","_links_to_target":""},"categories":[1],"tags":[],"class_list":["post-62578","post","type-post","status-publish","format-standard","hentry","category-geral"],"views":2072,"_links":{"self":[{"href":"https:\/\/www.sudoestehoje.com.br\/novoportal\/wp-json\/wp\/v2\/posts\/62578","targetHints":{"allow":["GET"]}}],"collection":[{"href":"https:\/\/www.sudoestehoje.com.br\/novoportal\/wp-json\/wp\/v2\/posts"}],"about":[{"href":"https:\/\/www.sudoestehoje.com.br\/novoportal\/wp-json\/wp\/v2\/types\/post"}],"author":[{"embeddable":true,"href":"https:\/\/www.sudoestehoje.com.br\/novoportal\/wp-json\/wp\/v2\/users\/2"}],"replies":[{"embeddable":true,"href":"https:\/\/www.sudoestehoje.com.br\/novoportal\/wp-json\/wp\/v2\/comments?post=62578"}],"version-history":[{"count":3,"href":"https:\/\/www.sudoestehoje.com.br\/novoportal\/wp-json\/wp\/v2\/posts\/62578\/revisions"}],"predecessor-version":[{"id":62582,"href":"https:\/\/www.sudoestehoje.com.br\/novoportal\/wp-json\/wp\/v2\/posts\/62578\/revisions\/62582"}],"wp:attachment":[{"href":"https:\/\/www.sudoestehoje.com.br\/novoportal\/wp-json\/wp\/v2\/media?parent=62578"}],"wp:term":[{"taxonomy":"category","embeddable":true,"href":"https:\/\/www.sudoestehoje.com.br\/novoportal\/wp-json\/wp\/v2\/categories?post=62578"},{"taxonomy":"post_tag","embeddable":true,"href":"https:\/\/www.sudoestehoje.com.br\/novoportal\/wp-json\/wp\/v2\/tags?post=62578"}],"curies":[{"name":"wp","href":"https:\/\/api.w.org\/{rel}","templated":true}]}}