
{"id":62556,"date":"2016-11-18T13:15:38","date_gmt":"2016-11-18T16:15:38","guid":{"rendered":"http:\/\/www.sudoestehoje.com.br\/novoportal\/?p=62556"},"modified":"2016-11-18T13:15:38","modified_gmt":"2016-11-18T16:15:38","slug":"bahia-malandragem-de-wagner-pode-ser-anulada-no-stf-e-rui-processado","status":"publish","type":"post","link":"https:\/\/www.sudoestehoje.com.br\/novoportal\/2016\/11\/18\/bahia-malandragem-de-wagner-pode-ser-anulada-no-stf-e-rui-processado\/","title":{"rendered":"BAHIA: MALANDRAGEM DE WAGNER PODE SER ANULADA NO STF E RUI PROCESSADO"},"content":{"rendered":"<p><img loading=\"lazy\" decoding=\"async\" class=\"aligncenter\" src=\"http:\/\/www.diariodopoder.com.br\/style\/images\/images\/Jaques%20Wagner%20Foto%20Dida%20Sampaio%20Estadao.jpg\" width=\"500\" height=\"332\" \/><\/p>\n<p>Al\u00e9m de ver seu ato de nomea\u00e7\u00e3o anulado, o governador da Bahia, Rui Costa (PT), corre o risco de responder por obstru\u00e7\u00e3o \u00e0 Justi\u00e7a, caso confirme o ex-ministro Jaques Wagner (PT) como seu secret\u00e1rio. A malandragem \u00e9 id\u00eantica \u00e0 nomea\u00e7\u00e3o de Lula ministro. Assim como anulou o ato de Dilma, diz um ministro do STF, se for provocado, o Supremo Tribunal Federal deve invalidar a nomea\u00e7\u00e3o de Wagner. A informa\u00e7\u00e3o \u00e9 do colunista Cl\u00e1udio Humberto, do <strong>Di\u00e1rio do Poder<\/strong>.<\/p>\n<p>A manobra pode render a\u00e7\u00e3o penal por crime de obstru\u00e7\u00e3o, dos poucos que d\u00e3o cadeia na certa, como no caso Delc\u00eddio Amaral (ex-PT-MS).<\/p>\n<p>Com a nomea\u00e7\u00e3o, Jaques Wagner quer ganhar foro privilegiado para fugir do alcance do juiz federal S\u00e9rgio Moro, de primeira inst\u00e2ncia.<\/p>\n<p>Como secret\u00e1rio de Estado, Jaques Wagner ter\u00e1 de ser processado e julgado no \u00e2mbito do Superior Tribunal de Justi\u00e7a (STJ).<\/p>\n<p>Amigos de Rui Costa afirmam que o PT e o pr\u00f3prio Wagner, que o inventou como candidato a governador, pressionam pela nomea\u00e7\u00e3o. \/\/<em>Di\u00e1rio do Poder<\/em><\/p>\n","protected":false},"excerpt":{"rendered":"<p>Al\u00e9m de ver seu ato de nomea\u00e7\u00e3o anulado, o governador da Bahia, Rui Costa (PT), corre o risco de responder por obstru\u00e7\u00e3o \u00e0 Justi\u00e7a, caso confirme o ex-ministro Jaques Wagner (PT) como seu secret\u00e1rio. A malandragem \u00e9 id\u00eantica \u00e0 nomea\u00e7\u00e3o de Lula ministro. Assim como anulou o ato de Dilma, diz um ministro do STF, [&hellip;]<\/p>\n","protected":false},"author":2,"featured_media":0,"comment_status":"open","ping_status":"open","sticky":false,"template":"","format":"standard","meta":{"footnotes":"","_links_to":"","_links_to_target":""},"categories":[1],"tags":[],"class_list":["post-62556","post","type-post","status-publish","format-standard","hentry","category-geral"],"views":1619,"_links":{"self":[{"href":"https:\/\/www.sudoestehoje.com.br\/novoportal\/wp-json\/wp\/v2\/posts\/62556","targetHints":{"allow":["GET"]}}],"collection":[{"href":"https:\/\/www.sudoestehoje.com.br\/novoportal\/wp-json\/wp\/v2\/posts"}],"about":[{"href":"https:\/\/www.sudoestehoje.com.br\/novoportal\/wp-json\/wp\/v2\/types\/post"}],"author":[{"embeddable":true,"href":"https:\/\/www.sudoestehoje.com.br\/novoportal\/wp-json\/wp\/v2\/users\/2"}],"replies":[{"embeddable":true,"href":"https:\/\/www.sudoestehoje.com.br\/novoportal\/wp-json\/wp\/v2\/comments?post=62556"}],"version-history":[{"count":1,"href":"https:\/\/www.sudoestehoje.com.br\/novoportal\/wp-json\/wp\/v2\/posts\/62556\/revisions"}],"predecessor-version":[{"id":62557,"href":"https:\/\/www.sudoestehoje.com.br\/novoportal\/wp-json\/wp\/v2\/posts\/62556\/revisions\/62557"}],"wp:attachment":[{"href":"https:\/\/www.sudoestehoje.com.br\/novoportal\/wp-json\/wp\/v2\/media?parent=62556"}],"wp:term":[{"taxonomy":"category","embeddable":true,"href":"https:\/\/www.sudoestehoje.com.br\/novoportal\/wp-json\/wp\/v2\/categories?post=62556"},{"taxonomy":"post_tag","embeddable":true,"href":"https:\/\/www.sudoestehoje.com.br\/novoportal\/wp-json\/wp\/v2\/tags?post=62556"}],"curies":[{"name":"wp","href":"https:\/\/api.w.org\/{rel}","templated":true}]}}