
{"id":62549,"date":"2016-11-17T13:02:34","date_gmt":"2016-11-17T16:02:34","guid":{"rendered":"http:\/\/www.sudoestehoje.com.br\/novoportal\/?p=62549"},"modified":"2016-11-17T13:02:34","modified_gmt":"2016-11-17T16:02:34","slug":"brasil-em-menos-de-24-horas-dois-ex-governadores-do-rio-vao-para-a-cadeia","status":"publish","type":"post","link":"https:\/\/www.sudoestehoje.com.br\/novoportal\/2016\/11\/17\/brasil-em-menos-de-24-horas-dois-ex-governadores-do-rio-vao-para-a-cadeia\/","title":{"rendered":"BRASIL: EM MENOS DE 24 HORAS, DOIS EX-GOVERNADORES DO RIO V\u00c3O PARA A CADEIA"},"content":{"rendered":"<p><img loading=\"lazy\" decoding=\"async\" class=\"aligncenter\" src=\"http:\/\/extra.globo.com\/incoming\/20478969-e8d-57a\/w640h360-PROP\/montagem.jpg\" alt=\"Os ex-governadores do Rio Anthony Garotinho e S\u00e9rgio Cabral\" width=\"500\" height=\"281\" \/><\/p>\n<p>RIO \u2014 Em menos de 24 horas, o Rio de Janeiro presenciou, na Zona Sul da cidade, a pris\u00e3o pela Pol\u00edcia Federal de dois ex-governadores envolvidos em esc\u00e2ndalos de corrup\u00e7\u00e3o. Na quarta-feira, foi Anthony Garotinho (PR), em meio \u00e0 <a title=\"\" href=\"http:\/\/oglobo.globo.com\/brasil\/ex-governador-garotinho-preso-pela-policia-federal-no-flamengo-20472292\" target=\"_blank\">Opera\u00e7\u00e3o Chequinho<\/a>, que investiga a compra de votos durante a elei\u00e7\u00e3o do dia 2 de outubro em Campos, no Norte Fluminense. Nesta quinta-feira, foi a vez de S\u00e9rgio Cabral (PMDB), alvo de dois <a title=\"\" href=\"http:\/\/oglobo.globo.com\/brasil\/cabral-preso-pela-lava-jato-acusado-de-liderar-grupo-que-desviou-224-milhoes-em-contratos-de-obras-20478201\" target=\"_blank\">mandatos de pris\u00e3o preventiva<\/a>, no \u00e2mbito da Lava-Jato, acusado de liderar um grupo que desviou R$ 224 milh\u00f5es em contratos de obras. Os dois ex-governadores ser\u00e3o encaminhados para o mesmo pres\u00eddio, Bangu 8.<\/p>\n","protected":false},"excerpt":{"rendered":"<p>RIO \u2014 Em menos de 24 horas, o Rio de Janeiro presenciou, na Zona Sul da cidade, a pris\u00e3o pela Pol\u00edcia Federal de dois ex-governadores envolvidos em esc\u00e2ndalos de corrup\u00e7\u00e3o. Na quarta-feira, foi Anthony Garotinho (PR), em meio \u00e0 Opera\u00e7\u00e3o Chequinho, que investiga a compra de votos durante a elei\u00e7\u00e3o do dia 2 de outubro [&hellip;]<\/p>\n","protected":false},"author":2,"featured_media":0,"comment_status":"open","ping_status":"open","sticky":false,"template":"","format":"standard","meta":{"footnotes":"","_links_to":"","_links_to_target":""},"categories":[1],"tags":[],"class_list":["post-62549","post","type-post","status-publish","format-standard","hentry","category-geral"],"views":1505,"_links":{"self":[{"href":"https:\/\/www.sudoestehoje.com.br\/novoportal\/wp-json\/wp\/v2\/posts\/62549","targetHints":{"allow":["GET"]}}],"collection":[{"href":"https:\/\/www.sudoestehoje.com.br\/novoportal\/wp-json\/wp\/v2\/posts"}],"about":[{"href":"https:\/\/www.sudoestehoje.com.br\/novoportal\/wp-json\/wp\/v2\/types\/post"}],"author":[{"embeddable":true,"href":"https:\/\/www.sudoestehoje.com.br\/novoportal\/wp-json\/wp\/v2\/users\/2"}],"replies":[{"embeddable":true,"href":"https:\/\/www.sudoestehoje.com.br\/novoportal\/wp-json\/wp\/v2\/comments?post=62549"}],"version-history":[{"count":1,"href":"https:\/\/www.sudoestehoje.com.br\/novoportal\/wp-json\/wp\/v2\/posts\/62549\/revisions"}],"predecessor-version":[{"id":62550,"href":"https:\/\/www.sudoestehoje.com.br\/novoportal\/wp-json\/wp\/v2\/posts\/62549\/revisions\/62550"}],"wp:attachment":[{"href":"https:\/\/www.sudoestehoje.com.br\/novoportal\/wp-json\/wp\/v2\/media?parent=62549"}],"wp:term":[{"taxonomy":"category","embeddable":true,"href":"https:\/\/www.sudoestehoje.com.br\/novoportal\/wp-json\/wp\/v2\/categories?post=62549"},{"taxonomy":"post_tag","embeddable":true,"href":"https:\/\/www.sudoestehoje.com.br\/novoportal\/wp-json\/wp\/v2\/tags?post=62549"}],"curies":[{"name":"wp","href":"https:\/\/api.w.org\/{rel}","templated":true}]}}