
{"id":62537,"date":"2016-11-17T09:09:41","date_gmt":"2016-11-17T12:09:41","guid":{"rendered":"http:\/\/www.sudoestehoje.com.br\/novoportal\/?p=62537"},"modified":"2016-11-17T12:37:15","modified_gmt":"2016-11-17T15:37:15","slug":"itapetinga-lixo-espalhado-pelas-ruas-e-urubus-envergonham-a-cidade","status":"publish","type":"post","link":"https:\/\/www.sudoestehoje.com.br\/novoportal\/2016\/11\/17\/itapetinga-lixo-espalhado-pelas-ruas-e-urubus-envergonham-a-cidade\/","title":{"rendered":"ITAPETINGA: LIXO ESPALHADO PELAS RUAS E URUBUS ENVERGONHAM A CIDADE"},"content":{"rendered":"<p><img loading=\"lazy\" decoding=\"async\" class=\"aligncenter\" src=\"https:\/\/fbcdn-sphotos-g-a.akamaihd.net\/hphotos-ak-xfa1\/v\/t1.0-9\/15095477_1177908648967201_5598646454457804416_n.jpg?oh=010a21d9ce5007f21a17215a95e5ff85&amp;oe=5889584E&amp;__gda__=1488605125_3250a8c83d146b73eed0141cff84c156\" width=\"501\" height=\"301\" \/><br \/>\nPara substituir a antiga empresa de colete de lixo que a pr\u00f3pria prefeitura aplicou um calote de mais de R$ 1 milh\u00e3o de reais, o prefeito Z\u00e9 Carlos contratou uma cooperativa de coleta, ligada por &#8216;coincid\u00eancia&#8217; a um empres\u00e1rio de Itoror\u00f3, por mais de R$ 600 mil reais, para atuar at\u00e9 o final do seu mandato, no dia 31 de dezembro.<\/p>\n<p><img loading=\"lazy\" decoding=\"async\" class=\"aligncenter\" src=\"https:\/\/scontent-gru2-1.xx.fbcdn.net\/v\/t1.0-9\/15032232_1177938945630838_2773653146235056853_n.jpg?oh=24b7553f018aba1314f77bacdc9be406&amp;oe=58C6A50A\" width=\"501\" height=\"282\" \/><\/p>\n<p>Ao contr\u00e1rio da Vita Ambiental, a nova contratada recebeu parcela do pagamento antecipadamente, mas os servi\u00e7os prestados s\u00e3o de p\u00e9ssima qualidade, e a cidade voltou a ser entregue ao lixo e aos indesej\u00e1veis urubus, que fazem o servi\u00e7o sem receber nada.<\/p>\n<p>Em mat\u00e9ria de incompet\u00eancia e desleixo, esta atual gest\u00e3o municipal \u00e9 mesmo insuper\u00e1vel. N\u00e3o foi por outra raz\u00e3o que o PT e o grupo de Z\u00e9 Carlos foram banidos da pol\u00edtica de Itapetinga, nestas elei\u00e7\u00f5es.<\/p>\n<p>Uma vergonha!<\/p>\n<p><strong><em>Por Davi Ferraz\u00a0<\/em><\/strong><\/p>\n","protected":false},"excerpt":{"rendered":"<p>Para substituir a antiga empresa de colete de lixo que a pr\u00f3pria prefeitura aplicou um calote de mais de R$ 1 milh\u00e3o de reais, o prefeito Z\u00e9 Carlos contratou uma cooperativa de coleta, ligada por &#8216;coincid\u00eancia&#8217; a um empres\u00e1rio de Itoror\u00f3, por mais de R$ 600 mil reais, para atuar at\u00e9 o final do seu [&hellip;]<\/p>\n","protected":false},"author":2,"featured_media":0,"comment_status":"open","ping_status":"open","sticky":false,"template":"","format":"standard","meta":{"footnotes":"","_links_to":"","_links_to_target":""},"categories":[1],"tags":[],"class_list":["post-62537","post","type-post","status-publish","format-standard","hentry","category-geral"],"views":1542,"_links":{"self":[{"href":"https:\/\/www.sudoestehoje.com.br\/novoportal\/wp-json\/wp\/v2\/posts\/62537","targetHints":{"allow":["GET"]}}],"collection":[{"href":"https:\/\/www.sudoestehoje.com.br\/novoportal\/wp-json\/wp\/v2\/posts"}],"about":[{"href":"https:\/\/www.sudoestehoje.com.br\/novoportal\/wp-json\/wp\/v2\/types\/post"}],"author":[{"embeddable":true,"href":"https:\/\/www.sudoestehoje.com.br\/novoportal\/wp-json\/wp\/v2\/users\/2"}],"replies":[{"embeddable":true,"href":"https:\/\/www.sudoestehoje.com.br\/novoportal\/wp-json\/wp\/v2\/comments?post=62537"}],"version-history":[{"count":3,"href":"https:\/\/www.sudoestehoje.com.br\/novoportal\/wp-json\/wp\/v2\/posts\/62537\/revisions"}],"predecessor-version":[{"id":62548,"href":"https:\/\/www.sudoestehoje.com.br\/novoportal\/wp-json\/wp\/v2\/posts\/62537\/revisions\/62548"}],"wp:attachment":[{"href":"https:\/\/www.sudoestehoje.com.br\/novoportal\/wp-json\/wp\/v2\/media?parent=62537"}],"wp:term":[{"taxonomy":"category","embeddable":true,"href":"https:\/\/www.sudoestehoje.com.br\/novoportal\/wp-json\/wp\/v2\/categories?post=62537"},{"taxonomy":"post_tag","embeddable":true,"href":"https:\/\/www.sudoestehoje.com.br\/novoportal\/wp-json\/wp\/v2\/tags?post=62537"}],"curies":[{"name":"wp","href":"https:\/\/api.w.org\/{rel}","templated":true}]}}