
{"id":62530,"date":"2016-11-16T23:43:05","date_gmt":"2016-11-17T02:43:05","guid":{"rendered":"http:\/\/www.sudoestehoje.com.br\/novoportal\/?p=62530"},"modified":"2016-11-16T23:43:05","modified_gmt":"2016-11-17T02:43:05","slug":"bahia-rui-costa-anuncia-nesta-quinta-retorno-de-wagner-ao-governo","status":"publish","type":"post","link":"https:\/\/www.sudoestehoje.com.br\/novoportal\/2016\/11\/16\/bahia-rui-costa-anuncia-nesta-quinta-retorno-de-wagner-ao-governo\/","title":{"rendered":"BAHIA: RUI COSTA ANUNCIA NESTA QUINTA RETORNO DE WAGNER AO GOVERNO"},"content":{"rendered":"<div id=\"attachment_62531\" style=\"width: 510px\" class=\"wp-caption aligncenter\"><a href=\"http:\/\/www.sudoestehoje.com.br\/novoportal\/wp-content\/uploads\/2016\/11\/RUI-E-WAGNER.jpg\"><img loading=\"lazy\" decoding=\"async\" aria-describedby=\"caption-attachment-62531\" class=\"size-medium wp-image-62531\" src=\"http:\/\/www.sudoestehoje.com.br\/novoportal\/wp-content\/uploads\/2016\/11\/RUI-E-WAGNER-500x350.jpg\" alt=\"Transmiss\u00e3o de cargo do governador Jaques Wagner ao novo governa\" width=\"500\" height=\"350\" srcset=\"https:\/\/www.sudoestehoje.com.br\/novoportal\/wp-content\/uploads\/2016\/11\/RUI-E-WAGNER-500x350.jpg 500w, https:\/\/www.sudoestehoje.com.br\/novoportal\/wp-content\/uploads\/2016\/11\/RUI-E-WAGNER.jpg 600w\" sizes=\"auto, (max-width: 500px) 100vw, 500px\" \/><\/a><p id=\"caption-attachment-62531\" class=\"wp-caption-text\"><strong>Foto:Transmiss\u00e3o de cargo do governador Jaques Wagner ao ex-secret\u00e1rio Rui Costa, em 2015. Agora Wagner retorna ao governo como secret\u00e1rio de Rui.<\/strong><\/p><\/div>\n<p>O retorno do Jaques Wagner ao governo da Bahia est\u00e1 sacramentado. O governador Rui Costa deve anunciar nesta quinta-feira (17) a secretaria que o ex-governador dever\u00e1 ocupar.<\/p>\n<p>De acordo com o jornalista Evilasio Junior, fontes do Pal\u00e1cio de Ondina confirmam que o ex-ministro de Dilma Rousseff ser\u00e1 alocado em uma pasta h\u00edbrida, que ir\u00e1 absorver, por exemplo, as fun\u00e7\u00f5es da atual Secretaria de Rela\u00e7\u00f5es Institucionais.<\/p>\n<p>A expectativa \u00e9 de que Wagner comande uma nova pasta criada exclusivamente para ele, que o possibilite se movimentar na articula\u00e7\u00e3o pol\u00edtica. Ele j\u00e1 tinha sido especulado em cargos como Casa Civil, Desenvolvimento Econ\u00f4mico e Agenda Territorial da Bahia.<\/p>\n<p><img decoding=\"async\" class=\"aligncenter\" src=\"http:\/\/www.sudoestehoje.com.br\/novoportal\/wp-content\/uploads\/2016\/11\/chopchu-500x192.png\" alt=\"chopchu\" \/><\/p>\n","protected":false},"excerpt":{"rendered":"<p>O retorno do Jaques Wagner ao governo da Bahia est\u00e1 sacramentado. O governador Rui Costa deve anunciar nesta quinta-feira (17) a secretaria que o ex-governador dever\u00e1 ocupar. De acordo com o jornalista Evilasio Junior, fontes do Pal\u00e1cio de Ondina confirmam que o ex-ministro de Dilma Rousseff ser\u00e1 alocado em uma pasta h\u00edbrida, que ir\u00e1 absorver, [&hellip;]<\/p>\n","protected":false},"author":2,"featured_media":0,"comment_status":"open","ping_status":"open","sticky":false,"template":"","format":"standard","meta":{"footnotes":"","_links_to":"","_links_to_target":""},"categories":[1],"tags":[],"class_list":["post-62530","post","type-post","status-publish","format-standard","hentry","category-geral"],"views":1278,"_links":{"self":[{"href":"https:\/\/www.sudoestehoje.com.br\/novoportal\/wp-json\/wp\/v2\/posts\/62530","targetHints":{"allow":["GET"]}}],"collection":[{"href":"https:\/\/www.sudoestehoje.com.br\/novoportal\/wp-json\/wp\/v2\/posts"}],"about":[{"href":"https:\/\/www.sudoestehoje.com.br\/novoportal\/wp-json\/wp\/v2\/types\/post"}],"author":[{"embeddable":true,"href":"https:\/\/www.sudoestehoje.com.br\/novoportal\/wp-json\/wp\/v2\/users\/2"}],"replies":[{"embeddable":true,"href":"https:\/\/www.sudoestehoje.com.br\/novoportal\/wp-json\/wp\/v2\/comments?post=62530"}],"version-history":[{"count":5,"href":"https:\/\/www.sudoestehoje.com.br\/novoportal\/wp-json\/wp\/v2\/posts\/62530\/revisions"}],"predecessor-version":[{"id":62536,"href":"https:\/\/www.sudoestehoje.com.br\/novoportal\/wp-json\/wp\/v2\/posts\/62530\/revisions\/62536"}],"wp:attachment":[{"href":"https:\/\/www.sudoestehoje.com.br\/novoportal\/wp-json\/wp\/v2\/media?parent=62530"}],"wp:term":[{"taxonomy":"category","embeddable":true,"href":"https:\/\/www.sudoestehoje.com.br\/novoportal\/wp-json\/wp\/v2\/categories?post=62530"},{"taxonomy":"post_tag","embeddable":true,"href":"https:\/\/www.sudoestehoje.com.br\/novoportal\/wp-json\/wp\/v2\/tags?post=62530"}],"curies":[{"name":"wp","href":"https:\/\/api.w.org\/{rel}","templated":true}]}}