
{"id":62501,"date":"2016-11-14T13:03:16","date_gmt":"2016-11-14T16:03:16","guid":{"rendered":"http:\/\/www.sudoestehoje.com.br\/novoportal\/?p=62501"},"modified":"2016-11-14T13:03:16","modified_gmt":"2016-11-14T16:03:16","slug":"bahia-geddel-articula-repasses-de-6-milhoes-para-hospital-da-crianca-martagao-gesteira","status":"publish","type":"post","link":"https:\/\/www.sudoestehoje.com.br\/novoportal\/2016\/11\/14\/bahia-geddel-articula-repasses-de-6-milhoes-para-hospital-da-crianca-martagao-gesteira\/","title":{"rendered":"BAHIA: GEDDEL ARTICULA REPASSES DE 6 MILH\u00d5ES PARA HOSPITAL DA CRIAN\u00c7A MARTAG\u00c3O GESTEIRA"},"content":{"rendered":"<p><a href=\"http:\/\/www.sudoestehoje.com.br\/novoportal\/wp-content\/uploads\/2016\/11\/martagao_gesteira1_sms_bocao_news.jpg\"><img loading=\"lazy\" decoding=\"async\" class=\"aligncenter  wp-image-62502\" src=\"http:\/\/www.sudoestehoje.com.br\/novoportal\/wp-content\/uploads\/2016\/11\/martagao_gesteira1_sms_bocao_news.jpg\" alt=\"martagao_gesteira1_sms_bocao_news\" width=\"500\" height=\"263\" \/><\/a><\/p>\n<p>O ministro da Secretaria de Governo, Geddel Vieira Lima (PMDB-BA), articulou o aumento de R$ 6 milh\u00f5es anuais &#8211; configurando R$ 500 mil mensais &#8211; para o teto de cirurgias de m\u00e9dia e alta complexidade do Hospital da Crian\u00e7a Martag\u00e3o Gesteira, em Salvador.<\/p>\n<p>Geddel fez o tr\u00e2mite entre o deputado L\u00facio Vieira Lima (PMDB-BA) e o ministro da Sa\u00fade, Ricardo Barros, na sexta-feira (11). A decis\u00e3o ser\u00e1 publicada nesta segunda-feira (14), de acordo com L\u00facio. O valor de R$ 1,6 milh\u00f5es foi destinado para uma unidade de sa\u00fade de Feira de Santana.<\/p>\n<p><img decoding=\"async\" class=\"aligncenter\" src=\"http:\/\/www.sudoestehoje.com.br\/novoportal\/wp-content\/uploads\/2014\/11\/Logomarca-HB-Sementes-500x134.jpg\" alt=\"Logomarca HB Sementes\" \/><\/p>\n","protected":false},"excerpt":{"rendered":"<p>O ministro da Secretaria de Governo, Geddel Vieira Lima (PMDB-BA), articulou o aumento de R$ 6 milh\u00f5es anuais &#8211; configurando R$ 500 mil mensais &#8211; para o teto de cirurgias de m\u00e9dia e alta complexidade do Hospital da Crian\u00e7a Martag\u00e3o Gesteira, em Salvador. Geddel fez o tr\u00e2mite entre o deputado L\u00facio Vieira Lima (PMDB-BA) e [&hellip;]<\/p>\n","protected":false},"author":2,"featured_media":62502,"comment_status":"open","ping_status":"open","sticky":false,"template":"","format":"standard","meta":{"footnotes":"","_links_to":"","_links_to_target":""},"categories":[1],"tags":[],"class_list":["post-62501","post","type-post","status-publish","format-standard","has-post-thumbnail","hentry","category-geral"],"views":1260,"_links":{"self":[{"href":"https:\/\/www.sudoestehoje.com.br\/novoportal\/wp-json\/wp\/v2\/posts\/62501","targetHints":{"allow":["GET"]}}],"collection":[{"href":"https:\/\/www.sudoestehoje.com.br\/novoportal\/wp-json\/wp\/v2\/posts"}],"about":[{"href":"https:\/\/www.sudoestehoje.com.br\/novoportal\/wp-json\/wp\/v2\/types\/post"}],"author":[{"embeddable":true,"href":"https:\/\/www.sudoestehoje.com.br\/novoportal\/wp-json\/wp\/v2\/users\/2"}],"replies":[{"embeddable":true,"href":"https:\/\/www.sudoestehoje.com.br\/novoportal\/wp-json\/wp\/v2\/comments?post=62501"}],"version-history":[{"count":2,"href":"https:\/\/www.sudoestehoje.com.br\/novoportal\/wp-json\/wp\/v2\/posts\/62501\/revisions"}],"predecessor-version":[{"id":62504,"href":"https:\/\/www.sudoestehoje.com.br\/novoportal\/wp-json\/wp\/v2\/posts\/62501\/revisions\/62504"}],"wp:featuredmedia":[{"embeddable":true,"href":"https:\/\/www.sudoestehoje.com.br\/novoportal\/wp-json\/wp\/v2\/media\/62502"}],"wp:attachment":[{"href":"https:\/\/www.sudoestehoje.com.br\/novoportal\/wp-json\/wp\/v2\/media?parent=62501"}],"wp:term":[{"taxonomy":"category","embeddable":true,"href":"https:\/\/www.sudoestehoje.com.br\/novoportal\/wp-json\/wp\/v2\/categories?post=62501"},{"taxonomy":"post_tag","embeddable":true,"href":"https:\/\/www.sudoestehoje.com.br\/novoportal\/wp-json\/wp\/v2\/tags?post=62501"}],"curies":[{"name":"wp","href":"https:\/\/api.w.org\/{rel}","templated":true}]}}