
{"id":62488,"date":"2016-11-13T01:56:18","date_gmt":"2016-11-13T04:56:18","guid":{"rendered":"http:\/\/www.sudoestehoje.com.br\/novoportal\/?p=62488"},"modified":"2016-11-13T01:56:18","modified_gmt":"2016-11-13T04:56:18","slug":"regiao-jovens-de-anage-morrem-em-tragico-acidente-na-ba-262","status":"publish","type":"post","link":"https:\/\/www.sudoestehoje.com.br\/novoportal\/2016\/11\/13\/regiao-jovens-de-anage-morrem-em-tragico-acidente-na-ba-262\/","title":{"rendered":"REGI\u00c3O: JOVENS DE ANAG\u00c9 MORREM EM TR\u00c1GICO ACIDENTE NA BA-262"},"content":{"rendered":"<p><a href=\"http:\/\/www.sudoestehoje.com.br\/novoportal\/wp-content\/uploads\/2016\/11\/ANAG\u00c9.jpg\"><img loading=\"lazy\" decoding=\"async\" class=\"aligncenter size-medium wp-image-62489\" src=\"http:\/\/www.sudoestehoje.com.br\/novoportal\/wp-content\/uploads\/2016\/11\/ANAG\u00c9-500x333.jpg\" alt=\"anage\" width=\"500\" height=\"333\" srcset=\"https:\/\/www.sudoestehoje.com.br\/novoportal\/wp-content\/uploads\/2016\/11\/ANAG\u00c9-500x333.jpg 500w, https:\/\/www.sudoestehoje.com.br\/novoportal\/wp-content\/uploads\/2016\/11\/ANAG\u00c9.jpg 600w\" sizes=\"auto, (max-width: 500px) 100vw, 500px\" \/><\/a><\/p>\n<p>O Sudoeste Baiano est\u00e1 de luto pelo tr\u00e1gico acidente em que vitimou duas pessoas noite deste s\u00e1bado (13). O fato aconteceu na BA-262, trecho entre Anag\u00e9 e Cara\u00edbas, envolvendo um carro de passeio e uma carreta.<\/p>\n<p>Os jovens Maurikson Lu\u00eds Santos Quirino e Maraysa Sousa, que moravam em Anag\u00e9, vieram a \u00f3bito no local. De acordo com informa\u00e7\u00f5es de amigos, as v\u00edtimas teriam deixado uma terceira pessoa em Cara\u00edbas e retornavam para Anag\u00e9 num Nissan Sentra, quando aconteceu a batida frontal.<\/p>\n<p>Os corpos foram trazidos para o Instituto M\u00e9dico Legal de Vit\u00f3ria da Conquista onde passar\u00e3o por necropsias. A Pol\u00edcia Rodovi\u00e1ria Estadual registrou e investiga as circunst\u00e2ncias da ocorr\u00eancia.\/\/Blog do Anderson<\/p>\n","protected":false},"excerpt":{"rendered":"<p>O Sudoeste Baiano est\u00e1 de luto pelo tr\u00e1gico acidente em que vitimou duas pessoas noite deste s\u00e1bado (13). O fato aconteceu na BA-262, trecho entre Anag\u00e9 e Cara\u00edbas, envolvendo um carro de passeio e uma carreta. Os jovens Maurikson Lu\u00eds Santos Quirino e Maraysa Sousa, que moravam em Anag\u00e9, vieram a \u00f3bito no local. De [&hellip;]<\/p>\n","protected":false},"author":2,"featured_media":62489,"comment_status":"open","ping_status":"open","sticky":false,"template":"","format":"standard","meta":{"footnotes":"","_links_to":"","_links_to_target":""},"categories":[1],"tags":[],"class_list":["post-62488","post","type-post","status-publish","format-standard","has-post-thumbnail","hentry","category-geral"],"views":3419,"_links":{"self":[{"href":"https:\/\/www.sudoestehoje.com.br\/novoportal\/wp-json\/wp\/v2\/posts\/62488","targetHints":{"allow":["GET"]}}],"collection":[{"href":"https:\/\/www.sudoestehoje.com.br\/novoportal\/wp-json\/wp\/v2\/posts"}],"about":[{"href":"https:\/\/www.sudoestehoje.com.br\/novoportal\/wp-json\/wp\/v2\/types\/post"}],"author":[{"embeddable":true,"href":"https:\/\/www.sudoestehoje.com.br\/novoportal\/wp-json\/wp\/v2\/users\/2"}],"replies":[{"embeddable":true,"href":"https:\/\/www.sudoestehoje.com.br\/novoportal\/wp-json\/wp\/v2\/comments?post=62488"}],"version-history":[{"count":1,"href":"https:\/\/www.sudoestehoje.com.br\/novoportal\/wp-json\/wp\/v2\/posts\/62488\/revisions"}],"predecessor-version":[{"id":62490,"href":"https:\/\/www.sudoestehoje.com.br\/novoportal\/wp-json\/wp\/v2\/posts\/62488\/revisions\/62490"}],"wp:featuredmedia":[{"embeddable":true,"href":"https:\/\/www.sudoestehoje.com.br\/novoportal\/wp-json\/wp\/v2\/media\/62489"}],"wp:attachment":[{"href":"https:\/\/www.sudoestehoje.com.br\/novoportal\/wp-json\/wp\/v2\/media?parent=62488"}],"wp:term":[{"taxonomy":"category","embeddable":true,"href":"https:\/\/www.sudoestehoje.com.br\/novoportal\/wp-json\/wp\/v2\/categories?post=62488"},{"taxonomy":"post_tag","embeddable":true,"href":"https:\/\/www.sudoestehoje.com.br\/novoportal\/wp-json\/wp\/v2\/tags?post=62488"}],"curies":[{"name":"wp","href":"https:\/\/api.w.org\/{rel}","templated":true}]}}