
{"id":62469,"date":"2017-02-19T21:25:46","date_gmt":"2017-02-20T00:25:46","guid":{"rendered":"http:\/\/www.sudoestehoje.com.br\/novoportal\/?p=62469"},"modified":"2017-02-21T00:37:46","modified_gmt":"2017-02-21T03:37:46","slug":"regiao-estrada-da-coreia-e-rota-perigosa-para-quem-viaja-a-porto-seguro","status":"publish","type":"post","link":"https:\/\/www.sudoestehoje.com.br\/novoportal\/2017\/02\/19\/regiao-estrada-da-coreia-e-rota-perigosa-para-quem-viaja-a-porto-seguro\/","title":{"rendered":"ESTRADA DA COR\u00c9IA, A ROTA PERIGOSA PARA QUEM VIAJA \u00c0 PORTO SEGURO NO CARNAVAL"},"content":{"rendered":"<p><img loading=\"lazy\" decoding=\"async\" class=\"\" src=\"http:\/\/www.sudoestehoje.com.br\/novoportal\/wp-content\/uploads\/2016\/11\/porto-seguro.jpg\" alt=\"porto seguro\" width=\"500\" height=\"281\" \/><\/p>\n<p>Uma das rodovias mais procuradas e perigosas para quem se dirige \u00e0 Porto Seguro e outras cidades do Extremo Sul da Bahia, \u00e9 a BA-270, que liga o munic\u00edpio de Potiragu\u00e1 \u00e0 BR-101, tamb\u00e9m conhecida como &#8220;Estrada da Cor\u00e9ia&#8221;.<\/p>\n<p>Veranistas das regi\u00f5es Oeste, Sudoeste e at\u00e9 de Brasilia e Goi\u00e1s, costumam utilizar essa rota, que encurta a viagem ao litoral em cerca de 200 quil\u00f4metros, em rela\u00e7\u00e3o \u00e0 outra rota, via Itabuna, na semana do carnaval.<\/p>\n<p><img loading=\"lazy\" decoding=\"async\" class=\"\" src=\"http:\/\/www.sudoestehoje.com.br\/novoportal\/wp-content\/uploads\/2016\/01\/estrada-1.jpg\" alt=\"Resultado de imagem para estrada da cor\u00e9ia potiragu\u00e1\" width=\"500\" height=\"300\" \/><\/p>\n<p>Em quase toda a sua extens\u00e3o, a &#8216;estrada da Cor\u00e9ia&#8217; \u00e9 totalmente esburacada e deserta, sendo comuns os acidentes, quebras de ve\u00edculos, e at\u00e9 assaltos \u00e0 m\u00e3o armada, principalmente \u00e0 noite. Agora, com as chuvas que t\u00eam ca\u00eddo na regi\u00e3o, a buraqueira aumentou, e o trecho de cerca de 80 Km \u00e9 feito em duas horas.<\/p>\n<p>A estrada, que foi constru\u00edda em 1977, vem se deteriorando a cada dia e nunca recebeu qualquer manuten\u00e7\u00e3o pelo Governo do Estado. Em protesto, o pr\u00f3prio prefeito de Potiragu\u00e1, Jorge Cheles, participou de um tapa buracos, para chamar \u00e0 aten\u00e7\u00e3o do governo para a precariedade da rodovia. Uma vergonha!<\/p>\n<p>Para quem pretende curtir o Carnaval nas belas praias da &#8216;Costa do Descobrimento&#8217;, todo cuidado \u00e9 pouco.<\/p>\n<p><strong><em>Por Davi Ferraz<\/em><\/strong><\/p>\n","protected":false},"excerpt":{"rendered":"<p>Uma das rodovias mais procuradas e perigosas para quem se dirige \u00e0 Porto Seguro e outras cidades do Extremo Sul da Bahia, \u00e9 a BA-270, que liga o munic\u00edpio de Potiragu\u00e1 \u00e0 BR-101, tamb\u00e9m conhecida como &#8220;Estrada da Cor\u00e9ia&#8221;. Veranistas das regi\u00f5es Oeste, Sudoeste e at\u00e9 de Brasilia e Goi\u00e1s, costumam utilizar essa rota, que [&hellip;]<\/p>\n","protected":false},"author":2,"featured_media":0,"comment_status":"open","ping_status":"open","sticky":false,"template":"","format":"standard","meta":{"footnotes":"","_links_to":"","_links_to_target":""},"categories":[1],"tags":[],"class_list":["post-62469","post","type-post","status-publish","format-standard","hentry","category-geral"],"views":38431,"_links":{"self":[{"href":"https:\/\/www.sudoestehoje.com.br\/novoportal\/wp-json\/wp\/v2\/posts\/62469","targetHints":{"allow":["GET"]}}],"collection":[{"href":"https:\/\/www.sudoestehoje.com.br\/novoportal\/wp-json\/wp\/v2\/posts"}],"about":[{"href":"https:\/\/www.sudoestehoje.com.br\/novoportal\/wp-json\/wp\/v2\/types\/post"}],"author":[{"embeddable":true,"href":"https:\/\/www.sudoestehoje.com.br\/novoportal\/wp-json\/wp\/v2\/users\/2"}],"replies":[{"embeddable":true,"href":"https:\/\/www.sudoestehoje.com.br\/novoportal\/wp-json\/wp\/v2\/comments?post=62469"}],"version-history":[{"count":6,"href":"https:\/\/www.sudoestehoje.com.br\/novoportal\/wp-json\/wp\/v2\/posts\/62469\/revisions"}],"predecessor-version":[{"id":64085,"href":"https:\/\/www.sudoestehoje.com.br\/novoportal\/wp-json\/wp\/v2\/posts\/62469\/revisions\/64085"}],"wp:attachment":[{"href":"https:\/\/www.sudoestehoje.com.br\/novoportal\/wp-json\/wp\/v2\/media?parent=62469"}],"wp:term":[{"taxonomy":"category","embeddable":true,"href":"https:\/\/www.sudoestehoje.com.br\/novoportal\/wp-json\/wp\/v2\/categories?post=62469"},{"taxonomy":"post_tag","embeddable":true,"href":"https:\/\/www.sudoestehoje.com.br\/novoportal\/wp-json\/wp\/v2\/tags?post=62469"}],"curies":[{"name":"wp","href":"https:\/\/api.w.org\/{rel}","templated":true}]}}