
{"id":62460,"date":"2016-11-10T22:02:36","date_gmt":"2016-11-11T01:02:36","guid":{"rendered":"http:\/\/www.sudoestehoje.com.br\/novoportal\/?p=62460"},"modified":"2016-11-11T19:33:50","modified_gmt":"2016-11-11T22:33:50","slug":"itapetinga-contas-de-ze-carlos-sao-rejeitadas-por-descaso-com-a-educacao","status":"publish","type":"post","link":"https:\/\/www.sudoestehoje.com.br\/novoportal\/2016\/11\/10\/itapetinga-contas-de-ze-carlos-sao-rejeitadas-por-descaso-com-a-educacao\/","title":{"rendered":"ITAPETINGA: CONTAS DE Z\u00c9 CARLOS S\u00c3O REJEITADAS POR DESCASO COM A EDUCA\u00c7\u00c3O"},"content":{"rendered":"<p><a href=\"http:\/\/www.sudoestehoje.com.br\/novoportal\/wp-content\/uploads\/2016\/11\/ze.jpg\"><img loading=\"lazy\" decoding=\"async\" class=\"aligncenter wp-image-62461\" src=\"http:\/\/www.sudoestehoje.com.br\/novoportal\/wp-content\/uploads\/2016\/11\/ze.jpg\" alt=\"ze\" width=\"500\" height=\"333\" \/><\/a><\/p>\n<p>O prefeito de Itapetinga, munic\u00edpio da regi\u00e3o centro-sul da Bahia, situado a 562Km de Salvador, Jos\u00e9 Carlos Cerqueira Moura, teve suas contas referentes ao exerc\u00edcio de 2015 rejeitadas pelo Tribunal de Contas dos Munic\u00edpios, na sess\u00e3o de hoje (10.11) porque violou o artigo 212 da Constitui\u00e7\u00e3o Federal, que imp\u00f5e a aplica\u00e7\u00e3o de um m\u00ednimo de 25% da receita resultante de impostos e das transfer\u00eancias a que as prefeituras t\u00eam direito, na manuten\u00e7\u00e3o e desenvolvimento do ensino.\u00a0O prefeito aplicou apenas o correspondente a 23,08% ao longo do ano.<\/p>\n<p>Al\u00e9m disso, o prefeito abusou nos gastos com o pagamento de pessoal, que alcan\u00e7ou R$81.687.283,13, valor que correspondeu a 66,80% da Receita Corrente L\u00edquida do munic\u00edpio em 2015.<\/p>\n<p>Jos\u00e9 Cerqueira Moura ter\u00e1 que pagar multa de R$25.920,00 por n\u00e3o ter adotado medidas saneadoras exigidas pela Lei de Responsabilidade Fiscal para a recondu\u00e7\u00e3o da despesa total com pessoal para o limite de 54%.<\/p>\n<p>Tamb\u00e9m foi punido com uma outra multa, esta de R$2.500,00 por irregularidades diversas que foram anotadas pelos t\u00e9cnicos do TCM ao examinar as contas, como por exemplo, execu\u00e7\u00e3o or\u00e7ament\u00e1ria deficit\u00e1ria, aus\u00eancia de pareceres do Fundeb e da Sa\u00fade, inobserv\u00e2ncia das regras de contabilidade p\u00fablica, aus\u00eancia de procedimentos licitat\u00f3rios, al\u00e9m de outros tantos em desconformidade com a legisla\u00e7\u00e3o.<\/p>\n<p>Al\u00e9m disso, n\u00e3o recolheu multas que lhe foram aplicadas em exerc\u00edcios anteriores \u2013 o que por si s\u00f3, independentemente de outras raz\u00f5es , justificariam a rejei\u00e7\u00e3o das contas. \/\/<strong><em>Ascom TCM<\/em><\/strong><\/p>\n<p><img decoding=\"async\" src=\"http:\/\/www.sudoestehoje.com.br\/novoportal\/wp-content\/uploads\/2015\/05\/rezende-500x163-500x163.jpg\" \/><\/p>\n","protected":false},"excerpt":{"rendered":"<p>O prefeito de Itapetinga, munic\u00edpio da regi\u00e3o centro-sul da Bahia, situado a 562Km de Salvador, Jos\u00e9 Carlos Cerqueira Moura, teve suas contas referentes ao exerc\u00edcio de 2015 rejeitadas pelo Tribunal de Contas dos Munic\u00edpios, na sess\u00e3o de hoje (10.11) porque violou o artigo 212 da Constitui\u00e7\u00e3o Federal, que imp\u00f5e a aplica\u00e7\u00e3o de um m\u00ednimo de [&hellip;]<\/p>\n","protected":false},"author":2,"featured_media":62461,"comment_status":"open","ping_status":"open","sticky":false,"template":"","format":"standard","meta":{"footnotes":"","_links_to":"","_links_to_target":""},"categories":[1],"tags":[],"class_list":["post-62460","post","type-post","status-publish","format-standard","has-post-thumbnail","hentry","category-geral"],"views":2493,"_links":{"self":[{"href":"https:\/\/www.sudoestehoje.com.br\/novoportal\/wp-json\/wp\/v2\/posts\/62460","targetHints":{"allow":["GET"]}}],"collection":[{"href":"https:\/\/www.sudoestehoje.com.br\/novoportal\/wp-json\/wp\/v2\/posts"}],"about":[{"href":"https:\/\/www.sudoestehoje.com.br\/novoportal\/wp-json\/wp\/v2\/types\/post"}],"author":[{"embeddable":true,"href":"https:\/\/www.sudoestehoje.com.br\/novoportal\/wp-json\/wp\/v2\/users\/2"}],"replies":[{"embeddable":true,"href":"https:\/\/www.sudoestehoje.com.br\/novoportal\/wp-json\/wp\/v2\/comments?post=62460"}],"version-history":[{"count":4,"href":"https:\/\/www.sudoestehoje.com.br\/novoportal\/wp-json\/wp\/v2\/posts\/62460\/revisions"}],"predecessor-version":[{"id":62477,"href":"https:\/\/www.sudoestehoje.com.br\/novoportal\/wp-json\/wp\/v2\/posts\/62460\/revisions\/62477"}],"wp:featuredmedia":[{"embeddable":true,"href":"https:\/\/www.sudoestehoje.com.br\/novoportal\/wp-json\/wp\/v2\/media\/62461"}],"wp:attachment":[{"href":"https:\/\/www.sudoestehoje.com.br\/novoportal\/wp-json\/wp\/v2\/media?parent=62460"}],"wp:term":[{"taxonomy":"category","embeddable":true,"href":"https:\/\/www.sudoestehoje.com.br\/novoportal\/wp-json\/wp\/v2\/categories?post=62460"},{"taxonomy":"post_tag","embeddable":true,"href":"https:\/\/www.sudoestehoje.com.br\/novoportal\/wp-json\/wp\/v2\/tags?post=62460"}],"curies":[{"name":"wp","href":"https:\/\/api.w.org\/{rel}","templated":true}]}}