
{"id":62455,"date":"2016-11-10T09:10:33","date_gmt":"2016-11-10T12:10:33","guid":{"rendered":"http:\/\/www.sudoestehoje.com.br\/novoportal\/?p=62455"},"modified":"2016-11-10T13:58:06","modified_gmt":"2016-11-10T16:58:06","slug":"itarantim-banco-do-brasil-e-explodido-em-assalto-e-um-bandido-e-morto-pela-pm","status":"publish","type":"post","link":"https:\/\/www.sudoestehoje.com.br\/novoportal\/2016\/11\/10\/itarantim-banco-do-brasil-e-explodido-em-assalto-e-um-bandido-e-morto-pela-pm\/","title":{"rendered":"ITARANTIM: BANCO DO BRASIL \u00c9 EXPLODIDO EM ASSALTO E DOIS BANDIDOS S\u00c3O MORTOS PELA PM"},"content":{"rendered":"<div>\n<p><a href=\"http:\/\/www.sudoestehoje.com.br\/novoportal\/wp-content\/uploads\/2016\/11\/banco.jpg\"><img loading=\"lazy\" decoding=\"async\" class=\"aligncenter size-medium wp-image-62456\" src=\"http:\/\/www.sudoestehoje.com.br\/novoportal\/wp-content\/uploads\/2016\/11\/banco-500x282.jpg\" alt=\"banco\" width=\"500\" height=\"282\" srcset=\"https:\/\/www.sudoestehoje.com.br\/novoportal\/wp-content\/uploads\/2016\/11\/banco-500x282.jpg 500w, https:\/\/www.sudoestehoje.com.br\/novoportal\/wp-content\/uploads\/2016\/11\/banco.jpg 640w\" sizes=\"auto, (max-width: 500px) 100vw, 500px\" \/><\/a><\/p>\n<p>Na madrugada desta quinta-feira, uma quadrilha de assaltantes explodiu a ag\u00eancia do Banco do Brasil em Itarantim e o caixa eletr\u00f4nico da prefeitura.<\/p>\n<p>A a\u00e7\u00e3o dos bandidos foi por volta de 1h da madrugada, e na fuga deixaram para tr\u00e1s uma <em>marreta<\/em> e uma bolsa com dinamites, houve uma intensa troca de tiros na a\u00e7\u00e3o da pol\u00edcia dois bandidos foram mortos pela PM, enquanto os outros comparsas fugiam.<\/p>\n<p>At\u00e9 o momento n\u00e3o foi divulgado o valor roubado pelos assaltantes e h\u00e1 quem associe a quadrilha com a que explodiu, no final de semana passado, ao assalto do Bradesco e Ag\u00eancia dos Correios em Potiragu\u00e1.<\/p>\n<p>Os bandidos, segundo fontes ligadas \u00e0 Pol\u00edcia Civil, podem estar ainda na regi\u00e3o e h\u00e1 riscos de novos assaltos nas cidades pr\u00f3ximas.<\/p>\n<p><strong><em>Por Davi Ferraz\u00a0<\/em><\/strong><\/p>\n<p><img decoding=\"async\" class=\"aligncenter\" src=\"http:\/\/www.sudoestehoje.com.br\/novoportal\/wp-content\/uploads\/2014\/07\/Feira-do-Lar-1.png\" alt=\"Feira-do-Lar (1)\" \/><\/p>\n<\/div>\n","protected":false},"excerpt":{"rendered":"<p>Na madrugada desta quinta-feira, uma quadrilha de assaltantes explodiu a ag\u00eancia do Banco do Brasil em Itarantim e o caixa eletr\u00f4nico da prefeitura. A a\u00e7\u00e3o dos bandidos foi por volta de 1h da madrugada, e na fuga deixaram para tr\u00e1s uma marreta e uma bolsa com dinamites, houve uma intensa troca de tiros na a\u00e7\u00e3o [&hellip;]<\/p>\n","protected":false},"author":2,"featured_media":62456,"comment_status":"open","ping_status":"open","sticky":false,"template":"","format":"standard","meta":{"footnotes":"","_links_to":"","_links_to_target":""},"categories":[1],"tags":[],"class_list":["post-62455","post","type-post","status-publish","format-standard","has-post-thumbnail","hentry","category-geral"],"views":2426,"_links":{"self":[{"href":"https:\/\/www.sudoestehoje.com.br\/novoportal\/wp-json\/wp\/v2\/posts\/62455","targetHints":{"allow":["GET"]}}],"collection":[{"href":"https:\/\/www.sudoestehoje.com.br\/novoportal\/wp-json\/wp\/v2\/posts"}],"about":[{"href":"https:\/\/www.sudoestehoje.com.br\/novoportal\/wp-json\/wp\/v2\/types\/post"}],"author":[{"embeddable":true,"href":"https:\/\/www.sudoestehoje.com.br\/novoportal\/wp-json\/wp\/v2\/users\/2"}],"replies":[{"embeddable":true,"href":"https:\/\/www.sudoestehoje.com.br\/novoportal\/wp-json\/wp\/v2\/comments?post=62455"}],"version-history":[{"count":3,"href":"https:\/\/www.sudoestehoje.com.br\/novoportal\/wp-json\/wp\/v2\/posts\/62455\/revisions"}],"predecessor-version":[{"id":62459,"href":"https:\/\/www.sudoestehoje.com.br\/novoportal\/wp-json\/wp\/v2\/posts\/62455\/revisions\/62459"}],"wp:featuredmedia":[{"embeddable":true,"href":"https:\/\/www.sudoestehoje.com.br\/novoportal\/wp-json\/wp\/v2\/media\/62456"}],"wp:attachment":[{"href":"https:\/\/www.sudoestehoje.com.br\/novoportal\/wp-json\/wp\/v2\/media?parent=62455"}],"wp:term":[{"taxonomy":"category","embeddable":true,"href":"https:\/\/www.sudoestehoje.com.br\/novoportal\/wp-json\/wp\/v2\/categories?post=62455"},{"taxonomy":"post_tag","embeddable":true,"href":"https:\/\/www.sudoestehoje.com.br\/novoportal\/wp-json\/wp\/v2\/tags?post=62455"}],"curies":[{"name":"wp","href":"https:\/\/api.w.org\/{rel}","templated":true}]}}