
{"id":6245,"date":"2011-06-30T00:40:48","date_gmt":"2011-06-30T03:40:48","guid":{"rendered":"http:\/\/www.sudoestehoje.com.br\/novoportal\/?p=6245"},"modified":"2011-06-30T00:54:55","modified_gmt":"2011-06-30T03:54:55","slug":"uesb-reinicia-aulas-no-dia-6-de-julho","status":"publish","type":"post","link":"https:\/\/www.sudoestehoje.com.br\/novoportal\/2011\/06\/30\/uesb-reinicia-aulas-no-dia-6-de-julho\/","title":{"rendered":"Uesb reinicia aulas no dia 6 de julho"},"content":{"rendered":"<p style=\"text-align: center;\"><img loading=\"lazy\" decoding=\"async\" src=\"http:\/\/2.bp.blogspot.com\/-UgricSZWtoY\/TWeNF0dCQGI\/AAAAAAAAHhg\/47qKFQpnXes\/s1600\/entrada+_uesb.jpg\" alt=\"\" width=\"434\" height=\"262\" \/><\/p>\n<p>\u00a0<\/p>\n<p>O Conselho Superior de Ensino, Pesquisa e Extens\u00e3o (Consepe) da Universidade Estadual do Sudoeste da Bahia (Uesb), aprovou na manh\u00e3 desta quarta-feira (29), o rein\u00edcio das atividades acad\u00eamicas para o dia 6 de julho. A escolha da data se deu em virtude do Processo Seletivo de Vestibular da Institui\u00e7\u00e3o, que ser\u00e1 realizado dias 3, 4 e 5, nos tr\u00eas campi da Universidade.<\/p>\n<p>Ficou assegurado o retorno ao semestre em curso, com a garantia dos cem dias letivos necess\u00e1rios para a finaliza\u00e7\u00e3o do semestre. O novo calend\u00e1rio acad\u00eamico ser\u00e1 divulgado posteriormente pela Pr\u00f3-Reitoria de Gradua\u00e7\u00e3o (Prograd).<\/p>\n","protected":false},"excerpt":{"rendered":"<p>\u00a0 O Conselho Superior de Ensino, Pesquisa e Extens\u00e3o (Consepe) da Universidade Estadual do Sudoeste da Bahia (Uesb), aprovou na manh\u00e3 desta quarta-feira (29), o rein\u00edcio das atividades acad\u00eamicas para o dia 6 de julho. A escolha da data se deu em virtude do Processo Seletivo de Vestibular da Institui\u00e7\u00e3o, que ser\u00e1 realizado dias 3, [&hellip;]<\/p>\n","protected":false},"author":2,"featured_media":0,"comment_status":"open","ping_status":"open","sticky":false,"template":"","format":"standard","meta":{"footnotes":"","_links_to":"","_links_to_target":""},"categories":[1],"tags":[],"class_list":["post-6245","post","type-post","status-publish","format-standard","hentry","category-geral"],"views":1233,"_links":{"self":[{"href":"https:\/\/www.sudoestehoje.com.br\/novoportal\/wp-json\/wp\/v2\/posts\/6245","targetHints":{"allow":["GET"]}}],"collection":[{"href":"https:\/\/www.sudoestehoje.com.br\/novoportal\/wp-json\/wp\/v2\/posts"}],"about":[{"href":"https:\/\/www.sudoestehoje.com.br\/novoportal\/wp-json\/wp\/v2\/types\/post"}],"author":[{"embeddable":true,"href":"https:\/\/www.sudoestehoje.com.br\/novoportal\/wp-json\/wp\/v2\/users\/2"}],"replies":[{"embeddable":true,"href":"https:\/\/www.sudoestehoje.com.br\/novoportal\/wp-json\/wp\/v2\/comments?post=6245"}],"version-history":[{"count":4,"href":"https:\/\/www.sudoestehoje.com.br\/novoportal\/wp-json\/wp\/v2\/posts\/6245\/revisions"}],"predecessor-version":[{"id":6248,"href":"https:\/\/www.sudoestehoje.com.br\/novoportal\/wp-json\/wp\/v2\/posts\/6245\/revisions\/6248"}],"wp:attachment":[{"href":"https:\/\/www.sudoestehoje.com.br\/novoportal\/wp-json\/wp\/v2\/media?parent=6245"}],"wp:term":[{"taxonomy":"category","embeddable":true,"href":"https:\/\/www.sudoestehoje.com.br\/novoportal\/wp-json\/wp\/v2\/categories?post=6245"},{"taxonomy":"post_tag","embeddable":true,"href":"https:\/\/www.sudoestehoje.com.br\/novoportal\/wp-json\/wp\/v2\/tags?post=6245"}],"curies":[{"name":"wp","href":"https:\/\/api.w.org\/{rel}","templated":true}]}}