
{"id":62391,"date":"2016-11-07T09:15:53","date_gmt":"2016-11-07T12:15:53","guid":{"rendered":"http:\/\/www.sudoestehoje.com.br\/novoportal\/?p=62391"},"modified":"2016-11-07T09:19:05","modified_gmt":"2016-11-07T12:19:05","slug":"conquista-dentista-e-preso-por-injuria-racial-contra-garcom-do-shopping-sul","status":"publish","type":"post","link":"https:\/\/www.sudoestehoje.com.br\/novoportal\/2016\/11\/07\/conquista-dentista-e-preso-por-injuria-racial-contra-garcom-do-shopping-sul\/","title":{"rendered":"CONQUISTA: DENTISTA \u00c9 PRESO POR INJ\u00daRIA RACIAL CONTRA GAR\u00c7OM NO SHOPPING SUL"},"content":{"rendered":"<p><a href=\"http:\/\/www.sudoestehoje.com.br\/novoportal\/wp-content\/uploads\/2016\/11\/DENT.jpg\"><img loading=\"lazy\" decoding=\"async\" class=\"aligncenter size-full wp-image-62394\" src=\"http:\/\/www.sudoestehoje.com.br\/novoportal\/wp-content\/uploads\/2016\/11\/DENT.jpg\" alt=\"dent\" width=\"476\" height=\"249\" \/><\/a><\/p>\n<p>Um dentista de 48 anos, morador de Po\u00e7\u00f5es, foi preso em flagrante por suspeita de Inj\u00faria Racial contra um gar\u00e7om. O fato ocorreu no Shopping Conquista Sul.<\/p>\n<p>Segundo a v\u00edtima, ele abordou o dentista na Pra\u00e7a de Alimenta\u00e7\u00e3o para consumir. O homem teria ficado insatisfeito com a abordagem e iniciou as ofensas. Ainda segundo boletim de ocorr\u00eancia, o dentista teria frases chulas: \u201cvai tomar no \u2026, seu negro\u201d e \u201cn\u00e3o gosto de voc\u00ea, seu negro\u201d e tamb\u00e9m agredido fisicamente. De acordo com a pol\u00edcia, v\u00e1rias pessoas disseram ter testemunhado o fato.<\/p>\n<div class=\"_6l- __c_\">\n<div class=\"uiScaledImageContainer _6m5 fbStoryAttachmentImage\">O suspeito foi apresentado na delegacia e autuado em flagrante pelo crime de Inj\u00faria Racial. Ele pagou fian\u00e7a e foi liberado. O dentista estava acompanhado da esposa e do filho de 6 anos, que vieram passear no shopping. \/\/ Blitz Conquista.<\/div>\n<\/div>\n","protected":false},"excerpt":{"rendered":"<p>Um dentista de 48 anos, morador de Po\u00e7\u00f5es, foi preso em flagrante por suspeita de Inj\u00faria Racial contra um gar\u00e7om. O fato ocorreu no Shopping Conquista Sul. Segundo a v\u00edtima, ele abordou o dentista na Pra\u00e7a de Alimenta\u00e7\u00e3o para consumir. O homem teria ficado insatisfeito com a abordagem e iniciou as ofensas. Ainda segundo boletim [&hellip;]<\/p>\n","protected":false},"author":2,"featured_media":62394,"comment_status":"open","ping_status":"open","sticky":false,"template":"","format":"standard","meta":{"footnotes":"","_links_to":"","_links_to_target":""},"categories":[1],"tags":[],"class_list":["post-62391","post","type-post","status-publish","format-standard","has-post-thumbnail","hentry","category-geral"],"views":2496,"_links":{"self":[{"href":"https:\/\/www.sudoestehoje.com.br\/novoportal\/wp-json\/wp\/v2\/posts\/62391","targetHints":{"allow":["GET"]}}],"collection":[{"href":"https:\/\/www.sudoestehoje.com.br\/novoportal\/wp-json\/wp\/v2\/posts"}],"about":[{"href":"https:\/\/www.sudoestehoje.com.br\/novoportal\/wp-json\/wp\/v2\/types\/post"}],"author":[{"embeddable":true,"href":"https:\/\/www.sudoestehoje.com.br\/novoportal\/wp-json\/wp\/v2\/users\/2"}],"replies":[{"embeddable":true,"href":"https:\/\/www.sudoestehoje.com.br\/novoportal\/wp-json\/wp\/v2\/comments?post=62391"}],"version-history":[{"count":3,"href":"https:\/\/www.sudoestehoje.com.br\/novoportal\/wp-json\/wp\/v2\/posts\/62391\/revisions"}],"predecessor-version":[{"id":62396,"href":"https:\/\/www.sudoestehoje.com.br\/novoportal\/wp-json\/wp\/v2\/posts\/62391\/revisions\/62396"}],"wp:featuredmedia":[{"embeddable":true,"href":"https:\/\/www.sudoestehoje.com.br\/novoportal\/wp-json\/wp\/v2\/media\/62394"}],"wp:attachment":[{"href":"https:\/\/www.sudoestehoje.com.br\/novoportal\/wp-json\/wp\/v2\/media?parent=62391"}],"wp:term":[{"taxonomy":"category","embeddable":true,"href":"https:\/\/www.sudoestehoje.com.br\/novoportal\/wp-json\/wp\/v2\/categories?post=62391"},{"taxonomy":"post_tag","embeddable":true,"href":"https:\/\/www.sudoestehoje.com.br\/novoportal\/wp-json\/wp\/v2\/tags?post=62391"}],"curies":[{"name":"wp","href":"https:\/\/api.w.org\/{rel}","templated":true}]}}