
{"id":62379,"date":"2016-11-05T21:17:25","date_gmt":"2016-11-06T00:17:25","guid":{"rendered":"http:\/\/www.sudoestehoje.com.br\/novoportal\/?p=62379"},"modified":"2016-11-05T21:17:25","modified_gmt":"2016-11-06T00:17:25","slug":"itapetinga-ze-carlos-e-romildo-preparam-pacote-de-maldades-para-inviabilizar-governo-de-rodrigo-hagge","status":"publish","type":"post","link":"https:\/\/www.sudoestehoje.com.br\/novoportal\/2016\/11\/05\/itapetinga-ze-carlos-e-romildo-preparam-pacote-de-maldades-para-inviabilizar-governo-de-rodrigo-hagge\/","title":{"rendered":"ITAPETINGA: Z\u00c9 CARLOS  E ROMILDO PREPARAM PACOTE DE MALDADES PARA INVIABILIZAR GOVERNO DE RODRIGO HAGGE"},"content":{"rendered":"<p><a href=\"http:\/\/www.sudoestehoje.com.br\/novoportal\/wp-content\/uploads\/2016\/11\/Z\u00c9-E-ROMILDO-1.jpg\"><img loading=\"lazy\" decoding=\"async\" class=\"aligncenter size-medium wp-image-62381\" src=\"http:\/\/www.sudoestehoje.com.br\/novoportal\/wp-content\/uploads\/2016\/11\/Z\u00c9-E-ROMILDO-1-500x331.jpg\" alt=\"ze-e-romildo\" width=\"500\" height=\"331\" srcset=\"https:\/\/www.sudoestehoje.com.br\/novoportal\/wp-content\/uploads\/2016\/11\/Z\u00c9-E-ROMILDO-1-500x331.jpg 500w, https:\/\/www.sudoestehoje.com.br\/novoportal\/wp-content\/uploads\/2016\/11\/Z\u00c9-E-ROMILDO-1-700x464.jpg 700w, https:\/\/www.sudoestehoje.com.br\/novoportal\/wp-content\/uploads\/2016\/11\/Z\u00c9-E-ROMILDO-1.jpg 750w\" sizes=\"auto, (max-width: 500px) 100vw, 500px\" \/><\/a><\/p>\n<p>H\u00e1 um antigo ditado que diz, que &#8220;at\u00e9 para perder \u00e9 preciso ter dignidade&#8221;, mas parece que n\u00e3o \u00e9 essa a receita seguida pelo prefeito em fim de mandato Z\u00e9 Carlos Moura (PT) e seus aliados.<\/p>\n<p>Visivelmente abatido e inconformado com o fracasso eleitoral na elei\u00e7\u00e3o do m\u00eas passado, o que sobrou de Z\u00e9 Carlos, sob a inspira\u00e7\u00e3o maliciosa do vereador eleito Romildo Teixeira (PSL), pretende encaminhar projetos maldosos para aprova\u00e7\u00e3o da c\u00e2mara de vereadores, visando retaliar e criar dificuldades para a administra\u00e7\u00e3o do futuro prefeito Rodrigo Hagge, que assume em 1\u00ba de janeiro de 2017.<\/p>\n<p>No pacote de maldades de Z\u00e9 Carlos e Romildo, constam as seguintes propostas: a anula\u00e7\u00e3o do aumento de 35% nas contas de \u00e1gua do SAAE, por eles aprovado em 2014, sob o protesto da popula\u00e7\u00e3o; redu\u00e7\u00e3o da Taxa de Ilumina\u00e7\u00e3o P\u00fablica (TIP), cobrada legalmente nas contas da Coelba, para manuten\u00e7\u00e3o da ilumina\u00e7\u00e3o p\u00fablica; abertura de concurso p\u00fablico de cartas marcadas, no apagar das luzes.<\/p>\n<p>O pacote, que vem sendo anunciado por Romildo Teixeira aos quatro ventos, deve ser encaminhado para a c\u00e2mara de vereadores no in\u00edcio da pr\u00f3xima semana, para leitura e tramita\u00e7\u00e3o a partir da sess\u00e3o de quarta-feira (9), mas pode tamb\u00e9m ser um blefe do indesej\u00e1vel Romildo, que vem tentando, sem nenhum sucesso, uma aproxima\u00e7\u00e3o com o futuro prefeito Rodrigo Hagge.<\/p>\n<p>O concurso p\u00fablico \u00e9 uma demanda necess\u00e1ria, mas a sua realiza\u00e7\u00e3o no final do governo de Z\u00e9 Carlos visa apenas arrecadar dinheiro para encher os bolsos dos seus 40 corruptos e garantir a aprova\u00e7\u00e3o fraudulenta de seus correligion\u00e1rios condenados ao desemprego, depois do fracasso eleitoral.<\/p>\n<p>A redu\u00e7\u00e3o da tarifa de \u00e1gua e da taxa de ilumina\u00e7\u00e3o p\u00fablica \u00e9 ilegal e n\u00e3o dever prosperar, j\u00e1 que a Lei de Responsabilidade Fiscal n\u00e3o permite ao gestor p\u00fablico a <em>ren\u00fancia de receitas<\/em>, sob pena de responder por crime de responsabilidade.<\/p>\n<p>Demagogia pura, que n\u00e3o deve prosperar<\/p>\n<p><strong><em>Por Davi Ferraz<\/em><\/strong><\/p>\n<p><img decoding=\"async\" class=\"aligncenter\" src=\"http:\/\/www.sudoestehoje.com.br\/novoportal\/wp-content\/uploads\/2014\/09\/supermoda.png\" alt=\"supermoda\" \/><\/p>\n","protected":false},"excerpt":{"rendered":"<p>H\u00e1 um antigo ditado que diz, que &#8220;at\u00e9 para perder \u00e9 preciso ter dignidade&#8221;, mas parece que n\u00e3o \u00e9 essa a receita seguida pelo prefeito em fim de mandato Z\u00e9 Carlos Moura (PT) e seus aliados. Visivelmente abatido e inconformado com o fracasso eleitoral na elei\u00e7\u00e3o do m\u00eas passado, o que sobrou de Z\u00e9 Carlos, [&hellip;]<\/p>\n","protected":false},"author":2,"featured_media":62381,"comment_status":"open","ping_status":"open","sticky":false,"template":"","format":"standard","meta":{"footnotes":"","_links_to":"","_links_to_target":""},"categories":[1],"tags":[],"class_list":["post-62379","post","type-post","status-publish","format-standard","has-post-thumbnail","hentry","category-geral"],"views":5636,"_links":{"self":[{"href":"https:\/\/www.sudoestehoje.com.br\/novoportal\/wp-json\/wp\/v2\/posts\/62379","targetHints":{"allow":["GET"]}}],"collection":[{"href":"https:\/\/www.sudoestehoje.com.br\/novoportal\/wp-json\/wp\/v2\/posts"}],"about":[{"href":"https:\/\/www.sudoestehoje.com.br\/novoportal\/wp-json\/wp\/v2\/types\/post"}],"author":[{"embeddable":true,"href":"https:\/\/www.sudoestehoje.com.br\/novoportal\/wp-json\/wp\/v2\/users\/2"}],"replies":[{"embeddable":true,"href":"https:\/\/www.sudoestehoje.com.br\/novoportal\/wp-json\/wp\/v2\/comments?post=62379"}],"version-history":[{"count":4,"href":"https:\/\/www.sudoestehoje.com.br\/novoportal\/wp-json\/wp\/v2\/posts\/62379\/revisions"}],"predecessor-version":[{"id":62385,"href":"https:\/\/www.sudoestehoje.com.br\/novoportal\/wp-json\/wp\/v2\/posts\/62379\/revisions\/62385"}],"wp:featuredmedia":[{"embeddable":true,"href":"https:\/\/www.sudoestehoje.com.br\/novoportal\/wp-json\/wp\/v2\/media\/62381"}],"wp:attachment":[{"href":"https:\/\/www.sudoestehoje.com.br\/novoportal\/wp-json\/wp\/v2\/media?parent=62379"}],"wp:term":[{"taxonomy":"category","embeddable":true,"href":"https:\/\/www.sudoestehoje.com.br\/novoportal\/wp-json\/wp\/v2\/categories?post=62379"},{"taxonomy":"post_tag","embeddable":true,"href":"https:\/\/www.sudoestehoje.com.br\/novoportal\/wp-json\/wp\/v2\/tags?post=62379"}],"curies":[{"name":"wp","href":"https:\/\/api.w.org\/{rel}","templated":true}]}}