
{"id":62374,"date":"2016-11-05T13:12:20","date_gmt":"2016-11-05T16:12:20","guid":{"rendered":"http:\/\/www.sudoestehoje.com.br\/novoportal\/?p=62374"},"modified":"2016-11-05T13:21:34","modified_gmt":"2016-11-05T16:21:34","slug":"itapetinga-servidores-municipais-demitidos-por-ze-carlos-nao-serao-indenizados","status":"publish","type":"post","link":"https:\/\/www.sudoestehoje.com.br\/novoportal\/2016\/11\/05\/itapetinga-servidores-municipais-demitidos-por-ze-carlos-nao-serao-indenizados\/","title":{"rendered":"ITAPETINGA: SERVIDORES MUNICIPAIS DEMITIDOS POR Z\u00c9 CARLOS N\u00c3O SER\u00c3O INDENIZADOS"},"content":{"rendered":"<p><a href=\"http:\/\/www.sudoestehoje.com.br\/novoportal\/wp-content\/uploads\/2016\/11\/pe-na-bunda.jpg\"><img loading=\"lazy\" decoding=\"async\" class=\"wp-image-62375 alignleft\" src=\"http:\/\/www.sudoestehoje.com.br\/novoportal\/wp-content\/uploads\/2016\/11\/pe-na-bunda.jpg\" alt=\"pe-na-bunda\" width=\"253\" height=\"253\" srcset=\"https:\/\/www.sudoestehoje.com.br\/novoportal\/wp-content\/uploads\/2016\/11\/pe-na-bunda.jpg 300w, https:\/\/www.sudoestehoje.com.br\/novoportal\/wp-content\/uploads\/2016\/11\/pe-na-bunda-150x150.jpg 150w\" sizes=\"auto, (max-width: 253px) 100vw, 253px\" \/><\/a><\/p>\n<p>Por determina\u00e7\u00e3o expressa do prefeito Z\u00e9 Carlos, nenhum dos servidores contratados e nomeados, demitidos no final da sua gest\u00e3o, receber\u00e1 as devidas indeniza\u00e7\u00f5es trabalhistas a que t\u00eam direito, o que dever\u00e1 criar um clima de revolta nas reparti\u00e7\u00f5es municipais.<\/p>\n<p>Incluindo os que laboram nas diversas secretarias, SAAE e Comutran, o contingente de contratados e nomeados dispensados pela prefeitura deve chegar perto dos 1.200 servidores, e o prefeito alega que n\u00e3o tem recursos para pagar a todos.<\/p>\n<p>H\u00e1 informa\u00e7\u00f5es de que alguns deles, ligados ao prefeito, vereadores e outros figur\u00f5es do governo municipal, ir\u00e3o receber as suas verbas rescis\u00f3rias integralmente, incluindo f\u00e9rias vencidas e 13\u00ba sal\u00e1rios, enquanto que a grande massa de demitidos vai ficar a ver navios.<\/p>\n<p>Segundo fonte ligada ao governo municipal, Z\u00e9 Carlos tem alegado que foi &#8220;tra\u00eddo&#8221; pelos seus antigos correligion\u00e1rios, que teriam votado contra o seu candidato, da\u00ed o motivo da retalia\u00e7\u00e3o.<\/p>\n<p>Z\u00e9 Carlos, que chegou a representar a esperan\u00e7a de dias melhores para a popula\u00e7\u00e3o de Itapetinga, sai da pol\u00edtica pelas portas dos fundos, como o pior prefeitp de toda a hist\u00f3ria do munic\u00edpio.<\/p>\n<p><strong><em>Por Davi Ferraz<\/em><\/strong><\/p>\n","protected":false},"excerpt":{"rendered":"<p>Por determina\u00e7\u00e3o expressa do prefeito Z\u00e9 Carlos, nenhum dos servidores contratados e nomeados, demitidos no final da sua gest\u00e3o, receber\u00e1 as devidas indeniza\u00e7\u00f5es trabalhistas a que t\u00eam direito, o que dever\u00e1 criar um clima de revolta nas reparti\u00e7\u00f5es municipais. Incluindo os que laboram nas diversas secretarias, SAAE e Comutran, o contingente de contratados e nomeados [&hellip;]<\/p>\n","protected":false},"author":2,"featured_media":62375,"comment_status":"open","ping_status":"open","sticky":false,"template":"","format":"standard","meta":{"footnotes":"","_links_to":"","_links_to_target":""},"categories":[1],"tags":[],"class_list":["post-62374","post","type-post","status-publish","format-standard","has-post-thumbnail","hentry","category-geral"],"views":2429,"_links":{"self":[{"href":"https:\/\/www.sudoestehoje.com.br\/novoportal\/wp-json\/wp\/v2\/posts\/62374","targetHints":{"allow":["GET"]}}],"collection":[{"href":"https:\/\/www.sudoestehoje.com.br\/novoportal\/wp-json\/wp\/v2\/posts"}],"about":[{"href":"https:\/\/www.sudoestehoje.com.br\/novoportal\/wp-json\/wp\/v2\/types\/post"}],"author":[{"embeddable":true,"href":"https:\/\/www.sudoestehoje.com.br\/novoportal\/wp-json\/wp\/v2\/users\/2"}],"replies":[{"embeddable":true,"href":"https:\/\/www.sudoestehoje.com.br\/novoportal\/wp-json\/wp\/v2\/comments?post=62374"}],"version-history":[{"count":3,"href":"https:\/\/www.sudoestehoje.com.br\/novoportal\/wp-json\/wp\/v2\/posts\/62374\/revisions"}],"predecessor-version":[{"id":62378,"href":"https:\/\/www.sudoestehoje.com.br\/novoportal\/wp-json\/wp\/v2\/posts\/62374\/revisions\/62378"}],"wp:featuredmedia":[{"embeddable":true,"href":"https:\/\/www.sudoestehoje.com.br\/novoportal\/wp-json\/wp\/v2\/media\/62375"}],"wp:attachment":[{"href":"https:\/\/www.sudoestehoje.com.br\/novoportal\/wp-json\/wp\/v2\/media?parent=62374"}],"wp:term":[{"taxonomy":"category","embeddable":true,"href":"https:\/\/www.sudoestehoje.com.br\/novoportal\/wp-json\/wp\/v2\/categories?post=62374"},{"taxonomy":"post_tag","embeddable":true,"href":"https:\/\/www.sudoestehoje.com.br\/novoportal\/wp-json\/wp\/v2\/tags?post=62374"}],"curies":[{"name":"wp","href":"https:\/\/api.w.org\/{rel}","templated":true}]}}