
{"id":62345,"date":"2016-11-03T20:55:54","date_gmt":"2016-11-03T23:55:54","guid":{"rendered":"http:\/\/www.sudoestehoje.com.br\/novoportal\/?p=62345"},"modified":"2016-11-04T07:59:45","modified_gmt":"2016-11-04T10:59:45","slug":"itapetinga-geraldo-trindade-coordenara-equipe-de-transicao-de-rodrigo-hagge","status":"publish","type":"post","link":"https:\/\/www.sudoestehoje.com.br\/novoportal\/2016\/11\/03\/itapetinga-geraldo-trindade-coordenara-equipe-de-transicao-de-rodrigo-hagge\/","title":{"rendered":"ITAPETINGA: GERALDO TRINDADE COORDENAR\u00c1 EQUIPE DE TRANSI\u00c7\u00c3O DE RODRIGO HAGGE"},"content":{"rendered":"<p><a href=\"http:\/\/www.sudoestehoje.com.br\/novoportal\/wp-content\/uploads\/2016\/11\/geraldo-trindade.jpg\"><img loading=\"lazy\" decoding=\"async\" class=\"aligncenter wp-image-62347 size-medium\" src=\"http:\/\/www.sudoestehoje.com.br\/novoportal\/wp-content\/uploads\/2016\/11\/geraldo-trindade-500x377.jpg\" alt=\"geraldo-trindade\" width=\"500\" height=\"377\" srcset=\"https:\/\/www.sudoestehoje.com.br\/novoportal\/wp-content\/uploads\/2016\/11\/geraldo-trindade-500x377.jpg 500w, https:\/\/www.sudoestehoje.com.br\/novoportal\/wp-content\/uploads\/2016\/11\/geraldo-trindade-768x580.jpg 768w, https:\/\/www.sudoestehoje.com.br\/novoportal\/wp-content\/uploads\/2016\/11\/geraldo-trindade-700x528.jpg 700w, https:\/\/www.sudoestehoje.com.br\/novoportal\/wp-content\/uploads\/2016\/11\/geraldo-trindade.jpg 795w\" sizes=\"auto, (max-width: 500px) 100vw, 500px\" \/><\/a><\/p>\n<p>Nesta quinta-feira (03), o prefeito eleito Rodrigo Hagge encaminhou dois of\u00edcios ao atual chefe do executivo municipal, indicando os nomes dos membros da Comiss\u00e3o de Transi\u00e7\u00e3o de Mandato e solicitando a ado\u00e7\u00e3o de provid\u00eancias determinadas por lei, nas \u00e1reas cont\u00e1bil e financeira, todas de suma import\u00e2ncia neste final de mandato.<\/p>\n<p>No que se refere \u00e0 Comiss\u00e3o de Transi\u00e7\u00e3o, formada por seis (6) t\u00e9cnicos da sua inteira confian\u00e7a, o prefeito eleito confiou \u00e0 coordena\u00e7\u00e3o ao Professor Geraldo Trindade, presidente municipal do DEM, pela sua vasta experi\u00eancia na \u00e1rea p\u00fablica e pol\u00edtica, al\u00e9m da enorme capacidade t\u00e9cnica.<\/p>\n<p>A indica\u00e7\u00e3o de Geraldo Trindade para coordenar a transi\u00e7\u00e3o de governo, agradou em cheio a c\u00fapula do Democratas, partido aliado do PMDB na \u00faltima elei\u00e7\u00e3o, que elegeu, ao lado de Rodrigo Hagge, o vice prefeito Renan Pereira, outro t\u00e9cnico de grande capacidade e experi\u00eancia.<\/p>\n<p>Confira abaixo os of\u00edcios encaminhados ao chefe do executivo, devidamente protocolados no Gabinete do Prefeito:<\/p>\n<p><span style=\"color: #0000ff;\"><strong><a style=\"color: #0000ff;\" href=\"http:\/\/www.sudoestehoje.com.br\/novoportal\/wp-content\/uploads\/2016\/11\/of\u00edcios-transi\u00e7\u00e3o-1.pdf\">oficios-transicao-1<\/a><\/strong><\/span><\/p>\n<p><strong><em>Por Davi Ferraz\u00a0<\/em><\/strong><\/p>\n","protected":false},"excerpt":{"rendered":"<p>Nesta quinta-feira (03), o prefeito eleito Rodrigo Hagge encaminhou dois of\u00edcios ao atual chefe do executivo municipal, indicando os nomes dos membros da Comiss\u00e3o de Transi\u00e7\u00e3o de Mandato e solicitando a ado\u00e7\u00e3o de provid\u00eancias determinadas por lei, nas \u00e1reas cont\u00e1bil e financeira, todas de suma import\u00e2ncia neste final de mandato. No que se refere \u00e0 [&hellip;]<\/p>\n","protected":false},"author":2,"featured_media":62347,"comment_status":"open","ping_status":"open","sticky":false,"template":"","format":"standard","meta":{"footnotes":"","_links_to":"","_links_to_target":""},"categories":[1],"tags":[],"class_list":["post-62345","post","type-post","status-publish","format-standard","has-post-thumbnail","hentry","category-geral"],"views":2820,"_links":{"self":[{"href":"https:\/\/www.sudoestehoje.com.br\/novoportal\/wp-json\/wp\/v2\/posts\/62345","targetHints":{"allow":["GET"]}}],"collection":[{"href":"https:\/\/www.sudoestehoje.com.br\/novoportal\/wp-json\/wp\/v2\/posts"}],"about":[{"href":"https:\/\/www.sudoestehoje.com.br\/novoportal\/wp-json\/wp\/v2\/types\/post"}],"author":[{"embeddable":true,"href":"https:\/\/www.sudoestehoje.com.br\/novoportal\/wp-json\/wp\/v2\/users\/2"}],"replies":[{"embeddable":true,"href":"https:\/\/www.sudoestehoje.com.br\/novoportal\/wp-json\/wp\/v2\/comments?post=62345"}],"version-history":[{"count":7,"href":"https:\/\/www.sudoestehoje.com.br\/novoportal\/wp-json\/wp\/v2\/posts\/62345\/revisions"}],"predecessor-version":[{"id":62356,"href":"https:\/\/www.sudoestehoje.com.br\/novoportal\/wp-json\/wp\/v2\/posts\/62345\/revisions\/62356"}],"wp:featuredmedia":[{"embeddable":true,"href":"https:\/\/www.sudoestehoje.com.br\/novoportal\/wp-json\/wp\/v2\/media\/62347"}],"wp:attachment":[{"href":"https:\/\/www.sudoestehoje.com.br\/novoportal\/wp-json\/wp\/v2\/media?parent=62345"}],"wp:term":[{"taxonomy":"category","embeddable":true,"href":"https:\/\/www.sudoestehoje.com.br\/novoportal\/wp-json\/wp\/v2\/categories?post=62345"},{"taxonomy":"post_tag","embeddable":true,"href":"https:\/\/www.sudoestehoje.com.br\/novoportal\/wp-json\/wp\/v2\/tags?post=62345"}],"curies":[{"name":"wp","href":"https:\/\/api.w.org\/{rel}","templated":true}]}}