
{"id":62326,"date":"2016-11-03T09:17:32","date_gmt":"2016-11-03T12:17:32","guid":{"rendered":"http:\/\/www.sudoestehoje.com.br\/novoportal\/?p=62326"},"modified":"2016-11-03T09:18:53","modified_gmt":"2016-11-03T12:18:53","slug":"itapetinga-comissao-de-transicao-de-mandato-e-instalada-por-rodrigo-hagge","status":"publish","type":"post","link":"https:\/\/www.sudoestehoje.com.br\/novoportal\/2016\/11\/03\/itapetinga-comissao-de-transicao-de-mandato-e-instalada-por-rodrigo-hagge\/","title":{"rendered":"ITAPETINGA: COMISS\u00c3O DE TRANSI\u00c7\u00c3O DE MANDATO \u00c9 NOMEADA POR RODRIGO HAGGE"},"content":{"rendered":"<p><a href=\"http:\/\/www.sudoestehoje.com.br\/novoportal\/wp-content\/uploads\/2016\/11\/rodrigo.jpg\"><img loading=\"lazy\" decoding=\"async\" class=\"aligncenter size-medium wp-image-62327\" src=\"http:\/\/www.sudoestehoje.com.br\/novoportal\/wp-content\/uploads\/2016\/11\/rodrigo-500x300.jpg\" alt=\"rodrigo\" width=\"500\" height=\"300\" srcset=\"https:\/\/www.sudoestehoje.com.br\/novoportal\/wp-content\/uploads\/2016\/11\/rodrigo-500x300.jpg 500w, https:\/\/www.sudoestehoje.com.br\/novoportal\/wp-content\/uploads\/2016\/11\/rodrigo-768x461.jpg 768w, https:\/\/www.sudoestehoje.com.br\/novoportal\/wp-content\/uploads\/2016\/11\/rodrigo-700x420.jpg 700w, https:\/\/www.sudoestehoje.com.br\/novoportal\/wp-content\/uploads\/2016\/11\/rodrigo.jpg 960w\" sizes=\"auto, (max-width: 500px) 100vw, 500px\" \/><\/a><\/p>\n<p>Visando dar cumprimento \u00e0 legisla\u00e7\u00e3o pertinente, e de conformidade com a Resolu\u00e7\u00e3o n\u00ba\u00a01311\/2012 do Tribunal de Contas dos Munic\u00edpios do Estado da Bahia &#8211; TCM, o prefeito eleito de Itapetinga, Rodrigo Hagge, \u00a0encaminhou of\u00edcio ao atual chefe do executivo, informando os nomes que ir\u00e3o compor a Comiss\u00e3o de Transi\u00e7\u00e3o de Mandato.<\/p>\n<p>Foram designados os nomes do engenheiro A\u00edrton Ferraz, do empres\u00e1rio Darwin Nunes, do odont\u00f3logo Helder Serafim, do advogado Diogo Matos, do ex-secret\u00e1rio de educa\u00e7\u00e3o Geraldo Trindade e do ex-secret\u00e1rio de fazenda do munic\u00edpio, Djalma Santos.<\/p>\n<p>No of\u00edcio encaminhado ao prefeito, Rodrigo Hagge solicita a disponibilidade de diversos documentos, dentre eles os balan\u00e7os financeiros das diversas secretarias e autarquias municipais, incluindo as folhas de pagamento de pessoal.<\/p>\n<p>A comiss\u00e3o j\u00e1 est\u00e1 instalada e come\u00e7a a atuar a partir desta quinta-feira.<\/p>\n<p><strong><em>Por Davi Ferraz\u00a0<\/em><\/strong><\/p>\n<p><img decoding=\"async\" class=\"aligncenter\" src=\"http:\/\/www.sudoestehoje.com.br\/novoportal\/wp-content\/uploads\/2014\/07\/Feira-do-Lar-1.png\" alt=\"Feira-do-Lar (1)\" \/><\/p>\n<p>&nbsp;<\/p>\n","protected":false},"excerpt":{"rendered":"<p>Visando dar cumprimento \u00e0 legisla\u00e7\u00e3o pertinente, e de conformidade com a Resolu\u00e7\u00e3o n\u00ba\u00a01311\/2012 do Tribunal de Contas dos Munic\u00edpios do Estado da Bahia &#8211; TCM, o prefeito eleito de Itapetinga, Rodrigo Hagge, \u00a0encaminhou of\u00edcio ao atual chefe do executivo, informando os nomes que ir\u00e3o compor a Comiss\u00e3o de Transi\u00e7\u00e3o de Mandato. Foram designados os nomes [&hellip;]<\/p>\n","protected":false},"author":2,"featured_media":0,"comment_status":"open","ping_status":"open","sticky":false,"template":"","format":"standard","meta":{"footnotes":"","_links_to":"","_links_to_target":""},"categories":[1],"tags":[],"class_list":["post-62326","post","type-post","status-publish","format-standard","hentry","category-geral"],"views":2872,"_links":{"self":[{"href":"https:\/\/www.sudoestehoje.com.br\/novoportal\/wp-json\/wp\/v2\/posts\/62326","targetHints":{"allow":["GET"]}}],"collection":[{"href":"https:\/\/www.sudoestehoje.com.br\/novoportal\/wp-json\/wp\/v2\/posts"}],"about":[{"href":"https:\/\/www.sudoestehoje.com.br\/novoportal\/wp-json\/wp\/v2\/types\/post"}],"author":[{"embeddable":true,"href":"https:\/\/www.sudoestehoje.com.br\/novoportal\/wp-json\/wp\/v2\/users\/2"}],"replies":[{"embeddable":true,"href":"https:\/\/www.sudoestehoje.com.br\/novoportal\/wp-json\/wp\/v2\/comments?post=62326"}],"version-history":[{"count":3,"href":"https:\/\/www.sudoestehoje.com.br\/novoportal\/wp-json\/wp\/v2\/posts\/62326\/revisions"}],"predecessor-version":[{"id":62330,"href":"https:\/\/www.sudoestehoje.com.br\/novoportal\/wp-json\/wp\/v2\/posts\/62326\/revisions\/62330"}],"wp:attachment":[{"href":"https:\/\/www.sudoestehoje.com.br\/novoportal\/wp-json\/wp\/v2\/media?parent=62326"}],"wp:term":[{"taxonomy":"category","embeddable":true,"href":"https:\/\/www.sudoestehoje.com.br\/novoportal\/wp-json\/wp\/v2\/categories?post=62326"},{"taxonomy":"post_tag","embeddable":true,"href":"https:\/\/www.sudoestehoje.com.br\/novoportal\/wp-json\/wp\/v2\/tags?post=62326"}],"curies":[{"name":"wp","href":"https:\/\/api.w.org\/{rel}","templated":true}]}}