
{"id":62311,"date":"2016-11-01T20:07:53","date_gmt":"2016-11-01T23:07:53","guid":{"rendered":"http:\/\/www.sudoestehoje.com.br\/novoportal\/?p=62311"},"modified":"2016-11-01T20:35:21","modified_gmt":"2016-11-01T23:35:21","slug":"enem-em-escolas-ocupadas-por-estudantes-e-adiado-para-dezembro","status":"publish","type":"post","link":"https:\/\/www.sudoestehoje.com.br\/novoportal\/2016\/11\/01\/enem-em-escolas-ocupadas-por-estudantes-e-adiado-para-dezembro\/","title":{"rendered":"ENEM EM ESCOLAS OCUPADAS POR ESTUDANTES \u00c9 ADIADO PARA DEZEMBRO"},"content":{"rendered":"<div id=\"content-body-2\" class=\"content-body columns col-centered \">\n<div class=\"col-lg-13 col-md-16 col-centered\">\n<p class=\"content-body__text content-body__text--capital-letter\" data-track-category=\"Link no Texto\" data-track-links=\"\"><a href=\"http:\/\/www.sudoestehoje.com.br\/novoportal\/wp-content\/uploads\/2016\/11\/uesb.jpg\"><img loading=\"lazy\" decoding=\"async\" class=\"aligncenter size-medium wp-image-62313\" src=\"http:\/\/www.sudoestehoje.com.br\/novoportal\/wp-content\/uploads\/2016\/11\/uesb-500x334.jpg\" alt=\"uesb\" width=\"500\" height=\"334\" srcset=\"https:\/\/www.sudoestehoje.com.br\/novoportal\/wp-content\/uploads\/2016\/11\/uesb-500x334.jpg 500w, https:\/\/www.sudoestehoje.com.br\/novoportal\/wp-content\/uploads\/2016\/11\/uesb.jpg 600w\" sizes=\"auto, (max-width: 500px) 100vw, 500px\" \/><\/a><\/p>\n<p class=\"content-body__text content-body__text--capital-letter\" data-track-category=\"Link no Texto\" data-track-links=\"\">O Instituto Nacional de Estudos e Pesquisas Educacionais An\u00edsio Teixeira (Inep) informou nesta ter\u00e7a-feira (1\u00ba) que 191.494 dos 8,7 milh\u00f5es de inscritos para o Exame Nacional do Ensino M\u00e9dio (Enem) n\u00e3o poder\u00e3o fazer a avalia\u00e7\u00e3o no pr\u00f3ximo fim de semana, em raz\u00e3o de 304 ocupa\u00e7\u00f5es em col\u00e9gios listados como locais de provas. As provas adiadas ser\u00e3o realizadas nos dias 3 e 4 de dezembro,\u00a0segundo o Inep.<\/p>\n<p class=\"content-body__text content-body__text--capital-letter\" data-track-category=\"Link no Texto\" data-track-links=\"\">Uma das novas data do ENEM choca com um dos dias de realiza\u00e7\u00e3o do vestibular da Uesb, o que deve causar problemas aos candidatos, caso n\u00e3o haja uma redefini\u00e7\u00e3o de data por parte da universidade baiana.<\/p>\n<p class=\"content-body__text content-body__text--capital-letter\" data-track-category=\"Link no Texto\" data-track-links=\"\">Em Itapetinga, est\u00e3o ocupados o campus da UESB e o IF Bahiano.<\/p>\n<p class=\"content-body__text content-body__text--capital-letter\" data-track-category=\"Link no Texto\" data-track-links=\"\"><strong><em>Reda\u00e7\u00e3o Sudoeste Hoje<\/em><\/strong><\/p>\n<\/div>\n<\/div>\n","protected":false},"excerpt":{"rendered":"<p>O Instituto Nacional de Estudos e Pesquisas Educacionais An\u00edsio Teixeira (Inep) informou nesta ter\u00e7a-feira (1\u00ba) que 191.494 dos 8,7 milh\u00f5es de inscritos para o Exame Nacional do Ensino M\u00e9dio (Enem) n\u00e3o poder\u00e3o fazer a avalia\u00e7\u00e3o no pr\u00f3ximo fim de semana, em raz\u00e3o de 304 ocupa\u00e7\u00f5es em col\u00e9gios listados como locais de provas. As provas adiadas [&hellip;]<\/p>\n","protected":false},"author":2,"featured_media":62313,"comment_status":"open","ping_status":"open","sticky":false,"template":"","format":"standard","meta":{"footnotes":"","_links_to":"","_links_to_target":""},"categories":[1],"tags":[],"class_list":["post-62311","post","type-post","status-publish","format-standard","has-post-thumbnail","hentry","category-geral"],"views":1439,"_links":{"self":[{"href":"https:\/\/www.sudoestehoje.com.br\/novoportal\/wp-json\/wp\/v2\/posts\/62311","targetHints":{"allow":["GET"]}}],"collection":[{"href":"https:\/\/www.sudoestehoje.com.br\/novoportal\/wp-json\/wp\/v2\/posts"}],"about":[{"href":"https:\/\/www.sudoestehoje.com.br\/novoportal\/wp-json\/wp\/v2\/types\/post"}],"author":[{"embeddable":true,"href":"https:\/\/www.sudoestehoje.com.br\/novoportal\/wp-json\/wp\/v2\/users\/2"}],"replies":[{"embeddable":true,"href":"https:\/\/www.sudoestehoje.com.br\/novoportal\/wp-json\/wp\/v2\/comments?post=62311"}],"version-history":[{"count":1,"href":"https:\/\/www.sudoestehoje.com.br\/novoportal\/wp-json\/wp\/v2\/posts\/62311\/revisions"}],"predecessor-version":[{"id":62314,"href":"https:\/\/www.sudoestehoje.com.br\/novoportal\/wp-json\/wp\/v2\/posts\/62311\/revisions\/62314"}],"wp:featuredmedia":[{"embeddable":true,"href":"https:\/\/www.sudoestehoje.com.br\/novoportal\/wp-json\/wp\/v2\/media\/62313"}],"wp:attachment":[{"href":"https:\/\/www.sudoestehoje.com.br\/novoportal\/wp-json\/wp\/v2\/media?parent=62311"}],"wp:term":[{"taxonomy":"category","embeddable":true,"href":"https:\/\/www.sudoestehoje.com.br\/novoportal\/wp-json\/wp\/v2\/categories?post=62311"},{"taxonomy":"post_tag","embeddable":true,"href":"https:\/\/www.sudoestehoje.com.br\/novoportal\/wp-json\/wp\/v2\/tags?post=62311"}],"curies":[{"name":"wp","href":"https:\/\/api.w.org\/{rel}","templated":true}]}}