
{"id":623,"date":"2010-09-26T23:13:53","date_gmt":"2010-09-27T02:13:53","guid":{"rendered":"http:\/\/sudoestehoje.tempsite.ws\/novoportal\/?p=623"},"modified":"2010-09-26T23:13:53","modified_gmt":"2010-09-27T02:13:53","slug":"itapetinga-comicio-de-geddel-movimentou-a-cidade","status":"publish","type":"post","link":"https:\/\/www.sudoestehoje.com.br\/novoportal\/2010\/09\/26\/itapetinga-comicio-de-geddel-movimentou-a-cidade\/","title":{"rendered":"ITAPETINGA: COMICIO DE GEDDEL MOVIMENTOU A CIDADE"},"content":{"rendered":"<p>\u00a0<\/p>\n<div>\n<p style=\"text-align: center;\"><a rel=\"lightbox[24015]\" href=\"http:\/\/www.blogdoanderson.com\/v2\/wp-content\/uploads\/2010\/09\/Comicio-em-Itapetinga_035.jpg\"><img loading=\"lazy\" decoding=\"async\" class=\"aligncenter\" title=\"Comicio em Itapetinga_035\" src=\"http:\/\/www.blogdoanderson.com\/v2\/wp-content\/uploads\/2010\/09\/Comicio-em-Itapetinga_035.jpg\" alt=\"\" width=\"368\" height=\"246\" \/><\/a><\/p>\n<p>ITAPETINGA: O candidato ao governo do Estado\u00a0, Geddel Vieira Lima (PMDB), acompanhado pelos candidatos ao senado C\u00e9sar Borges e Edvaldo Brito, dos candidatos a deputados do PMDB\u00a0\u00a0e do vice-governador Edmundo Pereira,\u00a0visitou Itapetinga na sexta-feira (24), onde realizou uma\u00a0caminhada, que teve inicio no Parque da Lagoa e percorreu v\u00e1rias ruas da cidade. O ato pol\u00edtico foi encerrado com um com\u00edcio na Pra\u00e7a Deyre Valley, em frente \u00e0 prefeitura municipal, com uma boa presen\u00e7a de p\u00fablico.\u00a0Em seu discurso, Geddel\u00a0citou as obras que realizou no munic\u00edpio como\u00a0ministro da Integra\u00e7\u00e3o Nacional,\u00a0tra\u00e7ando um paralelo com o seu principal advers\u00e1rio, o atual governador Jaques Wagner, que segundo ele, em quatro anos n\u00e3o tem nenhuma realiza\u00e7\u00e3o na regi\u00e3o. O com\u00edcio, realizado na noite de sexta-feira (24), encerrou uma maratona de visitas do candidato pela regi\u00e3o, que al\u00e9m de Itapetinga incluiu as cidades de Macarani, Maiquinique, Itarantim e Potiragu\u00e1.<\/p>\n<\/div>\n","protected":false},"excerpt":{"rendered":"<p>\u00a0 ITAPETINGA: O candidato ao governo do Estado\u00a0, Geddel Vieira Lima (PMDB), acompanhado pelos candidatos ao senado C\u00e9sar Borges e Edvaldo Brito, dos candidatos a deputados do PMDB\u00a0\u00a0e do vice-governador Edmundo Pereira,\u00a0visitou Itapetinga na sexta-feira (24), onde realizou uma\u00a0caminhada, que teve inicio no Parque da Lagoa e percorreu v\u00e1rias ruas da cidade. O ato pol\u00edtico [&hellip;]<\/p>\n","protected":false},"author":2,"featured_media":0,"comment_status":"open","ping_status":"open","sticky":false,"template":"","format":"standard","meta":{"footnotes":"","_links_to":"","_links_to_target":""},"categories":[10],"tags":[],"class_list":["post-623","post","type-post","status-publish","format-standard","hentry","category-itapetinga"],"views":1352,"_links":{"self":[{"href":"https:\/\/www.sudoestehoje.com.br\/novoportal\/wp-json\/wp\/v2\/posts\/623","targetHints":{"allow":["GET"]}}],"collection":[{"href":"https:\/\/www.sudoestehoje.com.br\/novoportal\/wp-json\/wp\/v2\/posts"}],"about":[{"href":"https:\/\/www.sudoestehoje.com.br\/novoportal\/wp-json\/wp\/v2\/types\/post"}],"author":[{"embeddable":true,"href":"https:\/\/www.sudoestehoje.com.br\/novoportal\/wp-json\/wp\/v2\/users\/2"}],"replies":[{"embeddable":true,"href":"https:\/\/www.sudoestehoje.com.br\/novoportal\/wp-json\/wp\/v2\/comments?post=623"}],"version-history":[{"count":2,"href":"https:\/\/www.sudoestehoje.com.br\/novoportal\/wp-json\/wp\/v2\/posts\/623\/revisions"}],"predecessor-version":[{"id":625,"href":"https:\/\/www.sudoestehoje.com.br\/novoportal\/wp-json\/wp\/v2\/posts\/623\/revisions\/625"}],"wp:attachment":[{"href":"https:\/\/www.sudoestehoje.com.br\/novoportal\/wp-json\/wp\/v2\/media?parent=623"}],"wp:term":[{"taxonomy":"category","embeddable":true,"href":"https:\/\/www.sudoestehoje.com.br\/novoportal\/wp-json\/wp\/v2\/categories?post=623"},{"taxonomy":"post_tag","embeddable":true,"href":"https:\/\/www.sudoestehoje.com.br\/novoportal\/wp-json\/wp\/v2\/tags?post=623"}],"curies":[{"name":"wp","href":"https:\/\/api.w.org\/{rel}","templated":true}]}}