
{"id":62292,"date":"2016-10-31T18:16:37","date_gmt":"2016-10-31T21:16:37","guid":{"rendered":"http:\/\/www.sudoestehoje.com.br\/novoportal\/?p=62292"},"modified":"2016-10-31T18:16:37","modified_gmt":"2016-10-31T21:16:37","slug":"cenario-para-as-eleicoes-de-2018-na-bahia","status":"publish","type":"post","link":"https:\/\/www.sudoestehoje.com.br\/novoportal\/2016\/10\/31\/cenario-para-as-eleicoes-de-2018-na-bahia\/","title":{"rendered":"CEN\u00c1RIO PARA AS ELEI\u00c7\u00d5ES DE 2018 NA BAHIA"},"content":{"rendered":"<p><a href=\"http:\/\/www.sudoestehoje.com.br\/novoportal\/wp-content\/uploads\/2016\/10\/ACM-Neto-e-Rui-Costa.jpg\"><img loading=\"lazy\" decoding=\"async\" class=\"aligncenter  wp-image-62293\" src=\"http:\/\/www.sudoestehoje.com.br\/novoportal\/wp-content\/uploads\/2016\/10\/ACM-Neto-e-Rui-Costa.jpg\" alt=\"acm-neto-e-rui-costa\" width=\"501\" height=\"332\" \/><\/a><\/p>\n<p>A oposi\u00e7\u00e3o na Bahia se cacifou para 2018, ao vencer nas cinco cidades mais populosas do Estado. Ainda no primeiro turno, candidatos ligados ao governador Rui Costa venceram em Juazeiro (Paulo Bonfim), Lauro de Freitas (Moema Gramacho) e Ilh\u00e9us (Mar\u00e3o) \u2013 estas encontram-se entre as dez mais populosas.<\/p>\n<p>ACM Neto foi reeleito para comandar Salvador. \u00c9 o nome mais forte da oposi\u00e7\u00e3o para a disputa pelo Pal\u00e1cio de Ondina em 2018. Z\u00e9 Ronaldo, tamb\u00e9m do DEM, venceu em Feira de Santana. Outro democrata, Ant\u00f4nio Elinaldo, venceu em Cama\u00e7ari.<\/p>\n<p>J\u00e1 em Vit\u00f3ria da Conquista, terceiro maior col\u00e9gio eleitoral, deu um peemedebista: Herzem Gusm\u00e3o, eleito ontem em disputa contra o petista Z\u00e9 Raimundo. Em Itabuna, o DEM venceu com Fernando Gomes, mas o resultado da elei\u00e7\u00e3o est\u00e1 <em>sub-judice<\/em>, e depende de uma decis\u00e3o do TSE.<\/p>\n<p><strong><span style=\"color: #993300;\">Confira o resultado das elei\u00e7\u00f5es nos 10 munic\u00edpios mais populosos:<\/span><\/strong><\/p>\n<p>1\u00ba Salvador \u2013 2.938.092 \u2013 ACM Neto (DEM)<br \/>\n2\u00ba Feira de Santana \u2013 622.639 \u2013 Z\u00e9 Ronaldo (DEM)<br \/>\n3\u00ba Vit\u00f3ria da Conquista \u2013 346.069 \u2013 Herzem Gusm\u00e3o (PMDB)<br \/>\n4\u00ba Cama\u00e7ari \u2013 292.074 \u2013 Ant\u00f4nio Elinaldo (DEM)<br \/>\n5\u00ba Itabuna \u2013 220.386 \u2013 **Fernando Gomes (DEM)<br \/>\n6\u00ba Juazeiro \u2013 220.253 \u2013 Paulo Bonfim (PCdoB)<br \/>\n7\u00ba Lauro de Freitas \u2013 194.641 \u2013 Moema Gramacho (PT)<br \/>\n8\u00ba Ilh\u00e9us \u2013 178.210 \u2013 Mar\u00e3o (PSD)<br \/>\n9\u00ba Jequi\u00e9 \u2013 161.880 \u2013 S\u00e9rgio da Gameleira (PSB)<br \/>\n10\u00ba Teixeira de Freitas \u2013 159.813 \u2013 Tim\u00f3teo Brito (PSD)<\/p>\n","protected":false},"excerpt":{"rendered":"<p>A oposi\u00e7\u00e3o na Bahia se cacifou para 2018, ao vencer nas cinco cidades mais populosas do Estado. Ainda no primeiro turno, candidatos ligados ao governador Rui Costa venceram em Juazeiro (Paulo Bonfim), Lauro de Freitas (Moema Gramacho) e Ilh\u00e9us (Mar\u00e3o) \u2013 estas encontram-se entre as dez mais populosas. ACM Neto foi reeleito para comandar Salvador. [&hellip;]<\/p>\n","protected":false},"author":2,"featured_media":62293,"comment_status":"open","ping_status":"open","sticky":false,"template":"","format":"standard","meta":{"footnotes":"","_links_to":"","_links_to_target":""},"categories":[1],"tags":[],"class_list":["post-62292","post","type-post","status-publish","format-standard","has-post-thumbnail","hentry","category-geral"],"views":1642,"_links":{"self":[{"href":"https:\/\/www.sudoestehoje.com.br\/novoportal\/wp-json\/wp\/v2\/posts\/62292","targetHints":{"allow":["GET"]}}],"collection":[{"href":"https:\/\/www.sudoestehoje.com.br\/novoportal\/wp-json\/wp\/v2\/posts"}],"about":[{"href":"https:\/\/www.sudoestehoje.com.br\/novoportal\/wp-json\/wp\/v2\/types\/post"}],"author":[{"embeddable":true,"href":"https:\/\/www.sudoestehoje.com.br\/novoportal\/wp-json\/wp\/v2\/users\/2"}],"replies":[{"embeddable":true,"href":"https:\/\/www.sudoestehoje.com.br\/novoportal\/wp-json\/wp\/v2\/comments?post=62292"}],"version-history":[{"count":1,"href":"https:\/\/www.sudoestehoje.com.br\/novoportal\/wp-json\/wp\/v2\/posts\/62292\/revisions"}],"predecessor-version":[{"id":62294,"href":"https:\/\/www.sudoestehoje.com.br\/novoportal\/wp-json\/wp\/v2\/posts\/62292\/revisions\/62294"}],"wp:featuredmedia":[{"embeddable":true,"href":"https:\/\/www.sudoestehoje.com.br\/novoportal\/wp-json\/wp\/v2\/media\/62293"}],"wp:attachment":[{"href":"https:\/\/www.sudoestehoje.com.br\/novoportal\/wp-json\/wp\/v2\/media?parent=62292"}],"wp:term":[{"taxonomy":"category","embeddable":true,"href":"https:\/\/www.sudoestehoje.com.br\/novoportal\/wp-json\/wp\/v2\/categories?post=62292"},{"taxonomy":"post_tag","embeddable":true,"href":"https:\/\/www.sudoestehoje.com.br\/novoportal\/wp-json\/wp\/v2\/tags?post=62292"}],"curies":[{"name":"wp","href":"https:\/\/api.w.org\/{rel}","templated":true}]}}