
{"id":6228,"date":"2011-06-29T14:36:42","date_gmt":"2011-06-29T17:36:42","guid":{"rendered":"http:\/\/www.sudoestehoje.com.br\/novoportal\/?p=6228"},"modified":"2011-06-29T14:36:42","modified_gmt":"2011-06-29T17:36:42","slug":"aprovado-fim-das-coligacoes-nas-eleicoes-proporcionais","status":"publish","type":"post","link":"https:\/\/www.sudoestehoje.com.br\/novoportal\/2011\/06\/29\/aprovado-fim-das-coligacoes-nas-eleicoes-proporcionais\/","title":{"rendered":"APROVADO FIM DAS COLIGA\u00c7\u00d5ES NAS ELEI\u00c7\u00d5ES PROPORCIONAIS"},"content":{"rendered":"<p style=\"text-align: center;\"><img loading=\"lazy\" decoding=\"async\" src=\"http:\/\/colunas.imirante.com\/platb\/files\/237\/2011\/04\/partidos-pol%C3%ADticos.jpg\" alt=\"\" width=\"398\" height=\"243\" \/><\/p>\n<p>\u00a0<\/p>\n<p>A CCJ (Comiss\u00e3o de Constitui\u00e7\u00e3o e Justi\u00e7a) do Senado aprovou nesta quarta-feira por 14 votos a 6 o fim das coliga\u00e7\u00f5es partid\u00e1rias nas elei\u00e7\u00f5es proporcionais. A PEC (proposta de emenda constitucional) aprovada pelos senadores pro\u00edbe os partidos pol\u00edticos de formar coliga\u00e7\u00f5es nas elei\u00e7\u00f5es para a C\u00e2mara dos Deputados, Assembleias e C\u00e2maras de Vereadores.<\/p>\n<p>Ficam mantidas as coliga\u00e7\u00f5es somente nas elei\u00e7\u00f5es majorit\u00e1rias \u2013presidente da Rep\u00fablica, governos estaduais, municipais e Senado. A proposta, que integra a reforma pol\u00edtica em tramita\u00e7\u00e3o no Senado, segue para vota\u00e7\u00e3o no plen\u00e1rio da Casa. Depois de aprovados no Senado, os projetos que integram a reforma pol\u00edtica ainda precisam tramitar pela C\u00e2mara. (Folha)<\/p>\n","protected":false},"excerpt":{"rendered":"<p>\u00a0 A CCJ (Comiss\u00e3o de Constitui\u00e7\u00e3o e Justi\u00e7a) do Senado aprovou nesta quarta-feira por 14 votos a 6 o fim das coliga\u00e7\u00f5es partid\u00e1rias nas elei\u00e7\u00f5es proporcionais. A PEC (proposta de emenda constitucional) aprovada pelos senadores pro\u00edbe os partidos pol\u00edticos de formar coliga\u00e7\u00f5es nas elei\u00e7\u00f5es para a C\u00e2mara dos Deputados, Assembleias e C\u00e2maras de Vereadores. Ficam [&hellip;]<\/p>\n","protected":false},"author":2,"featured_media":0,"comment_status":"open","ping_status":"open","sticky":false,"template":"","format":"standard","meta":{"footnotes":"","_links_to":"","_links_to_target":""},"categories":[1],"tags":[],"class_list":["post-6228","post","type-post","status-publish","format-standard","hentry","category-geral"],"views":1683,"_links":{"self":[{"href":"https:\/\/www.sudoestehoje.com.br\/novoportal\/wp-json\/wp\/v2\/posts\/6228","targetHints":{"allow":["GET"]}}],"collection":[{"href":"https:\/\/www.sudoestehoje.com.br\/novoportal\/wp-json\/wp\/v2\/posts"}],"about":[{"href":"https:\/\/www.sudoestehoje.com.br\/novoportal\/wp-json\/wp\/v2\/types\/post"}],"author":[{"embeddable":true,"href":"https:\/\/www.sudoestehoje.com.br\/novoportal\/wp-json\/wp\/v2\/users\/2"}],"replies":[{"embeddable":true,"href":"https:\/\/www.sudoestehoje.com.br\/novoportal\/wp-json\/wp\/v2\/comments?post=6228"}],"version-history":[{"count":3,"href":"https:\/\/www.sudoestehoje.com.br\/novoportal\/wp-json\/wp\/v2\/posts\/6228\/revisions"}],"predecessor-version":[{"id":6232,"href":"https:\/\/www.sudoestehoje.com.br\/novoportal\/wp-json\/wp\/v2\/posts\/6228\/revisions\/6232"}],"wp:attachment":[{"href":"https:\/\/www.sudoestehoje.com.br\/novoportal\/wp-json\/wp\/v2\/media?parent=6228"}],"wp:term":[{"taxonomy":"category","embeddable":true,"href":"https:\/\/www.sudoestehoje.com.br\/novoportal\/wp-json\/wp\/v2\/categories?post=6228"},{"taxonomy":"post_tag","embeddable":true,"href":"https:\/\/www.sudoestehoje.com.br\/novoportal\/wp-json\/wp\/v2\/tags?post=6228"}],"curies":[{"name":"wp","href":"https:\/\/api.w.org\/{rel}","templated":true}]}}