
{"id":62226,"date":"2016-10-28T20:17:46","date_gmt":"2016-10-28T23:17:46","guid":{"rendered":"http:\/\/www.sudoestehoje.com.br\/novoportal\/?p=62226"},"modified":"2016-10-28T20:17:46","modified_gmt":"2016-10-28T23:17:46","slug":"conquista-uma-disputa-municipal-com-tempero-federal-e-foco-estadual","status":"publish","type":"post","link":"https:\/\/www.sudoestehoje.com.br\/novoportal\/2016\/10\/28\/conquista-uma-disputa-municipal-com-tempero-federal-e-foco-estadual\/","title":{"rendered":"CONQUISTA, UMA DISPUTA MUNICIPAL COM TEMPERO FEDERAL E FOCO ESTADUAL"},"content":{"rendered":"<p><a href=\"http:\/\/www.sudoestehoje.com.br\/novoportal\/wp-content\/uploads\/2016\/10\/HERZEM-E-Z\u00c9-RAIMUNDO.jpg\"><img loading=\"lazy\" decoding=\"async\" class=\"aligncenter size-medium wp-image-62227\" src=\"http:\/\/www.sudoestehoje.com.br\/novoportal\/wp-content\/uploads\/2016\/10\/HERZEM-E-Z\u00c9-RAIMUNDO-500x350.jpg\" alt=\"herzem-e-ze-raimundo\" width=\"500\" height=\"350\" srcset=\"https:\/\/www.sudoestehoje.com.br\/novoportal\/wp-content\/uploads\/2016\/10\/HERZEM-E-Z\u00c9-RAIMUNDO-500x350.jpg 500w, https:\/\/www.sudoestehoje.com.br\/novoportal\/wp-content\/uploads\/2016\/10\/HERZEM-E-Z\u00c9-RAIMUNDO.jpg 600w\" sizes=\"auto, (max-width: 500px) 100vw, 500px\" \/><\/a><\/p>\n<p>A campanha no r\u00e1dio e na tev\u00ea, em Vit\u00f3ria da Conquista, onde Herzem Gusm\u00e3o (PMDB) e Jos\u00e9 Raimundo (PT) disputam o segundo turno, come\u00e7ou light, mas acabou em pauleira total.<\/p>\n<p>Herzem bradando que \u201co PT afundou o Brasil e o Brasil j\u00e1 disse n\u00e3o, agora Conquista vai dizer n\u00e3o tamb\u00e9m\u201d.<\/p>\n<p>E o outro programa dizendo que Herzem \u00e9 do PMDB de Temer, \u201cdo governo que vai cair com o que Eduardo Cunha vai falar\u201d. Em s\u00edntese, foi uma campanha municipal com fortes ingredientes nacionais e foco estadual.<\/p>\n<p>Os opositores do PT na Bahia, liderados por ACM Neto, mantiveram com larga folga o controle de Salvador e Feira de Santana, as duas maiores cidades, pegaram Cama\u00e7ari, a mais rica, e vislumbram agora a joia da coroa.<\/p>\n<p>Vit\u00f3ria da Conquista faz hist\u00f3ria este ano. O PT manda l\u00e1 desde 1996, muito antes de Lula tomar o poder federal. Para os petistas, manter seria um alento poderoso num momento em que tudo \u00e9 contra. Para a oposi\u00e7\u00e3o, tom\u00e1-la \u00e9, em tese, dar uma boa pavimentada no caminho para o objetivo maior, o governo do estado em 2018. Seria o sinal cabal de que a era petista na Bahia j\u00e1 estaria dando os seus \u00faltimos suspiros.<\/p>\n<p>Os petistas sabem que a tarefa \u00e9 dif\u00edcil. Z\u00e9 Raimundo falava ontem ter a sensa\u00e7\u00e3o de que deu \u2018a virada\u2019. E Herzem, que vai ganhar com mais de 29 mil votos de vantagem.<\/p>\n<p>As urnas v\u00e3o falar domingo. Mas tudo indica que a mar\u00e9 antipetista chegou forte l\u00e1.<\/p>\n<p>Pesquisa da Painel Brasil, ontem divulgada, deu Herzem com 64,75% dos votos v\u00e1lidos contra 35,25% de Z\u00e9 Raimundo.<\/p>\n<p>Mudar um cen\u00e1rio desses est\u00e1 mais para milagre do que para virada. <em>Bahia.ba<\/em><\/p>\n","protected":false},"excerpt":{"rendered":"<p>A campanha no r\u00e1dio e na tev\u00ea, em Vit\u00f3ria da Conquista, onde Herzem Gusm\u00e3o (PMDB) e Jos\u00e9 Raimundo (PT) disputam o segundo turno, come\u00e7ou light, mas acabou em pauleira total. Herzem bradando que \u201co PT afundou o Brasil e o Brasil j\u00e1 disse n\u00e3o, agora Conquista vai dizer n\u00e3o tamb\u00e9m\u201d. E o outro programa dizendo [&hellip;]<\/p>\n","protected":false},"author":2,"featured_media":0,"comment_status":"open","ping_status":"open","sticky":false,"template":"","format":"standard","meta":{"footnotes":"","_links_to":"","_links_to_target":""},"categories":[1],"tags":[],"class_list":["post-62226","post","type-post","status-publish","format-standard","hentry","category-geral"],"views":1782,"_links":{"self":[{"href":"https:\/\/www.sudoestehoje.com.br\/novoportal\/wp-json\/wp\/v2\/posts\/62226","targetHints":{"allow":["GET"]}}],"collection":[{"href":"https:\/\/www.sudoestehoje.com.br\/novoportal\/wp-json\/wp\/v2\/posts"}],"about":[{"href":"https:\/\/www.sudoestehoje.com.br\/novoportal\/wp-json\/wp\/v2\/types\/post"}],"author":[{"embeddable":true,"href":"https:\/\/www.sudoestehoje.com.br\/novoportal\/wp-json\/wp\/v2\/users\/2"}],"replies":[{"embeddable":true,"href":"https:\/\/www.sudoestehoje.com.br\/novoportal\/wp-json\/wp\/v2\/comments?post=62226"}],"version-history":[{"count":2,"href":"https:\/\/www.sudoestehoje.com.br\/novoportal\/wp-json\/wp\/v2\/posts\/62226\/revisions"}],"predecessor-version":[{"id":62229,"href":"https:\/\/www.sudoestehoje.com.br\/novoportal\/wp-json\/wp\/v2\/posts\/62226\/revisions\/62229"}],"wp:attachment":[{"href":"https:\/\/www.sudoestehoje.com.br\/novoportal\/wp-json\/wp\/v2\/media?parent=62226"}],"wp:term":[{"taxonomy":"category","embeddable":true,"href":"https:\/\/www.sudoestehoje.com.br\/novoportal\/wp-json\/wp\/v2\/categories?post=62226"},{"taxonomy":"post_tag","embeddable":true,"href":"https:\/\/www.sudoestehoje.com.br\/novoportal\/wp-json\/wp\/v2\/tags?post=62226"}],"curies":[{"name":"wp","href":"https:\/\/api.w.org\/{rel}","templated":true}]}}