
{"id":62211,"date":"2016-10-27T23:49:44","date_gmt":"2016-10-28T02:49:44","guid":{"rendered":"http:\/\/www.sudoestehoje.com.br\/novoportal\/?p=62211"},"modified":"2016-10-28T00:49:19","modified_gmt":"2016-10-28T03:49:19","slug":"stf-decide-que-poder-publico-deve-cortar-salarios-de-servidores-grevistas","status":"publish","type":"post","link":"https:\/\/www.sudoestehoje.com.br\/novoportal\/2016\/10\/27\/stf-decide-que-poder-publico-deve-cortar-salarios-de-servidores-grevistas\/","title":{"rendered":"STF DECIDE QUE PODER P\u00daBLICO DEVE CORTAR SAL\u00c1RIOS DE SERVIDORES GREVISTAS"},"content":{"rendered":"<div class=\"col-md-12 font_a popup-gallery\"><a href=\"http:\/\/www.sudoestehoje.com.br\/novoportal\/wp-content\/uploads\/2016\/10\/STF.jpg\"><img loading=\"lazy\" decoding=\"async\" class=\"aligncenter size-medium wp-image-62212\" src=\"http:\/\/www.sudoestehoje.com.br\/novoportal\/wp-content\/uploads\/2016\/10\/STF-500x291.jpg\" alt=\"stf\" width=\"500\" height=\"291\" srcset=\"https:\/\/www.sudoestehoje.com.br\/novoportal\/wp-content\/uploads\/2016\/10\/STF-500x291.jpg 500w, https:\/\/www.sudoestehoje.com.br\/novoportal\/wp-content\/uploads\/2016\/10\/STF-768x447.jpg 768w, https:\/\/www.sudoestehoje.com.br\/novoportal\/wp-content\/uploads\/2016\/10\/STF-700x407.jpg 700w, https:\/\/www.sudoestehoje.com.br\/novoportal\/wp-content\/uploads\/2016\/10\/STF.jpg 1000w\" sizes=\"auto, (max-width: 500px) 100vw, 500px\" \/><\/a><\/div>\n<div class=\"col-md-12 font_a popup-gallery\">\n<p>O Supremo Tribunal Federal (STF) decidiu nesta quinta-feira, por seis votos a quatro, que o poder p\u00fablico tem o dever de cortarem o sal\u00e1rio de servidores em greve desde o in\u00edcio da paralisa\u00e7\u00e3o.Embora todos os ministros concordem que a greve no servi\u00e7o p\u00fablico \u00e9 permitida, a maioria ponderou que o Estado n\u00e3o deve pagar por um servi\u00e7o que n\u00e3o foi prestado. A a\u00e7\u00e3o tem repercuss\u00e3o geral, devendo ser aplicada pelas demais inst\u00e2ncias judiciais em processos semelhantes.<\/p>\n<p>De acordo com a decis\u00e3o do plen\u00e1rio da Corte Superior, n\u00e3o poder\u00e1 haver o corte nos casos em que a greve for provocada por conduta ilegal do \u00f3rg\u00e3o p\u00fablico, como, por exemplo, o atraso no pagamento dos sal\u00e1rios, ou se ficar comprovado que o poder p\u00fablico n\u00e3o fez esfor\u00e7o algum para negociar com a categoria.<\/p>\n<p>Os ministros abriram a possibilidade, no entanto, de haver acordo para reposi\u00e7\u00e3o do pagamento se houver acordo para compensa\u00e7\u00e3o das horas paradas.<\/p>\n<p>No julgamento, o STF analisou um recurso apresentado pela Funda\u00e7\u00e3o de Apoio \u00e0 Escola T\u00e9cnica do Estado do Rio de Janeiro (Faetec), que, em 2006, foi impedida pela Justi\u00e7a estadual de realizar o desconto na folha de pagamento dos funcion\u00e1rios em greve.<\/p>\n<p>Formaram a maioria no Supremo os ministros Dias Toffoli, relator do caso, Lu\u00eds Roberto Barroso, Teori Zavascki, Gilmar Mendes, Luiz Fux e a presidente, C\u00e1rmen L\u00facia. Por outro lado, os ministros Edson Fachin, Rosa Weber, Marco Aur\u00e9lio e Ricardo Lewandowski defenderam o direito de greve dos servidores p\u00fablicos com o recebimento dos sal\u00e1rios.<\/p>\n<p>Toffoli afirmou que a decis\u00e3o n\u00e3o derruba o direito de greve nem a possibilidade de os servidores recorrerem ao Judici\u00e1rio.<\/p>\n<p>\u201cQualquer decis\u00e3o que n\u00f3s tomarmos aqui n\u00e3o vai fechar as portas do Judici\u00e1rio, seja para os servidores seja para o administrador p\u00fablico. O que estamos decidindo \u00e9 se, havendo greve do servidor p\u00fablico, \u00e9 legal o corte de ponto\u201d, afirmou na sess\u00e3o.<\/p>\n<p><a href=\"http:\/\/www.sudoestehoje.com.br\/novoportal\/wp-content\/uploads\/2016\/10\/CRISTO-PLANSERV.jpg\"><img loading=\"lazy\" decoding=\"async\" class=\"aligncenter size-medium wp-image-62219\" src=\"http:\/\/www.sudoestehoje.com.br\/novoportal\/wp-content\/uploads\/2016\/10\/CRISTO-PLANSERV-500x167.jpg\" alt=\"cristo-planserv\" width=\"500\" height=\"167\" srcset=\"https:\/\/www.sudoestehoje.com.br\/novoportal\/wp-content\/uploads\/2016\/10\/CRISTO-PLANSERV-500x167.jpg 500w, https:\/\/www.sudoestehoje.com.br\/novoportal\/wp-content\/uploads\/2016\/10\/CRISTO-PLANSERV-768x256.jpg 768w, https:\/\/www.sudoestehoje.com.br\/novoportal\/wp-content\/uploads\/2016\/10\/CRISTO-PLANSERV-700x233.jpg 700w, https:\/\/www.sudoestehoje.com.br\/novoportal\/wp-content\/uploads\/2016\/10\/CRISTO-PLANSERV.jpg 960w\" sizes=\"auto, (max-width: 500px) 100vw, 500px\" \/><\/a><\/p>\n<\/div>\n","protected":false},"excerpt":{"rendered":"<p>O Supremo Tribunal Federal (STF) decidiu nesta quinta-feira, por seis votos a quatro, que o poder p\u00fablico tem o dever de cortarem o sal\u00e1rio de servidores em greve desde o in\u00edcio da paralisa\u00e7\u00e3o.Embora todos os ministros concordem que a greve no servi\u00e7o p\u00fablico \u00e9 permitida, a maioria ponderou que o Estado n\u00e3o deve pagar por [&hellip;]<\/p>\n","protected":false},"author":2,"featured_media":62212,"comment_status":"open","ping_status":"open","sticky":false,"template":"","format":"standard","meta":{"footnotes":"","_links_to":"","_links_to_target":""},"categories":[1],"tags":[],"class_list":["post-62211","post","type-post","status-publish","format-standard","has-post-thumbnail","hentry","category-geral"],"views":1325,"_links":{"self":[{"href":"https:\/\/www.sudoestehoje.com.br\/novoportal\/wp-json\/wp\/v2\/posts\/62211","targetHints":{"allow":["GET"]}}],"collection":[{"href":"https:\/\/www.sudoestehoje.com.br\/novoportal\/wp-json\/wp\/v2\/posts"}],"about":[{"href":"https:\/\/www.sudoestehoje.com.br\/novoportal\/wp-json\/wp\/v2\/types\/post"}],"author":[{"embeddable":true,"href":"https:\/\/www.sudoestehoje.com.br\/novoportal\/wp-json\/wp\/v2\/users\/2"}],"replies":[{"embeddable":true,"href":"https:\/\/www.sudoestehoje.com.br\/novoportal\/wp-json\/wp\/v2\/comments?post=62211"}],"version-history":[{"count":2,"href":"https:\/\/www.sudoestehoje.com.br\/novoportal\/wp-json\/wp\/v2\/posts\/62211\/revisions"}],"predecessor-version":[{"id":62220,"href":"https:\/\/www.sudoestehoje.com.br\/novoportal\/wp-json\/wp\/v2\/posts\/62211\/revisions\/62220"}],"wp:featuredmedia":[{"embeddable":true,"href":"https:\/\/www.sudoestehoje.com.br\/novoportal\/wp-json\/wp\/v2\/media\/62212"}],"wp:attachment":[{"href":"https:\/\/www.sudoestehoje.com.br\/novoportal\/wp-json\/wp\/v2\/media?parent=62211"}],"wp:term":[{"taxonomy":"category","embeddable":true,"href":"https:\/\/www.sudoestehoje.com.br\/novoportal\/wp-json\/wp\/v2\/categories?post=62211"},{"taxonomy":"post_tag","embeddable":true,"href":"https:\/\/www.sudoestehoje.com.br\/novoportal\/wp-json\/wp\/v2\/tags?post=62211"}],"curies":[{"name":"wp","href":"https:\/\/api.w.org\/{rel}","templated":true}]}}