
{"id":62156,"date":"2016-10-25T14:20:39","date_gmt":"2016-10-25T17:20:39","guid":{"rendered":"http:\/\/www.sudoestehoje.com.br\/novoportal\/?p=62156"},"modified":"2016-10-25T14:20:39","modified_gmt":"2016-10-25T17:20:39","slug":"morre-carlos-alberto-torres-capitao-do-tri-na-copa-de-1970","status":"publish","type":"post","link":"https:\/\/www.sudoestehoje.com.br\/novoportal\/2016\/10\/25\/morre-carlos-alberto-torres-capitao-do-tri-na-copa-de-1970\/","title":{"rendered":"MORRE CARLOS ALBERTO TORRES, CAPIT\u00c3O DO TRI NA COPA DE 1970"},"content":{"rendered":"<p><a href=\"http:\/\/www.sudoestehoje.com.br\/novoportal\/wp-content\/uploads\/2016\/10\/carlos-alberto-torres-erguendo-a-taca-jules-rimet.jpeg\" rel=\"attachment wp-att-62157\"><img loading=\"lazy\" decoding=\"async\" class=\"aligncenter size-medium wp-image-62157\" src=\"http:\/\/www.sudoestehoje.com.br\/novoportal\/wp-content\/uploads\/2016\/10\/carlos-alberto-torres-erguendo-a-taca-jules-rimet-500x281.jpeg\" alt=\"carlos-alberto-torres-erguendo-a-taca-jules-rimet\" width=\"500\" height=\"281\" srcset=\"https:\/\/www.sudoestehoje.com.br\/novoportal\/wp-content\/uploads\/2016\/10\/carlos-alberto-torres-erguendo-a-taca-jules-rimet-500x281.jpeg 500w, https:\/\/www.sudoestehoje.com.br\/novoportal\/wp-content\/uploads\/2016\/10\/carlos-alberto-torres-erguendo-a-taca-jules-rimet.jpeg 640w\" sizes=\"auto, (max-width: 500px) 100vw, 500px\" \/><\/a><\/p>\n<p>O capit\u00e3o do tricampeonato da Sele\u00e7\u00e3o Brasileira da Copa do Mundo de 1970, Carlos Alberto Torres, morreu nessa ter\u00e7a-feira (26), aos 72 anos, no Rio de Janeiro. Ex-lateral direito, atualmente um dos comentaristas do canal de televis\u00e3o paga Sportv, sofreu um infarto em casa e n\u00e3o resistiu.<\/p>\n<p>Carlos Alberto passou por diversos clubes de futebol, como Botafogo, Santos, onde foi pentacampe\u00e3o, e Fluminense, time do cora\u00e7\u00e3o, onde tamb\u00e9m ganhou o tricampeonato. Ele encerrou a carreira no New York Cosmos, nos Estados Unidos.<\/p>\n<p>J\u00e1 como treinador, ganhou o t\u00edtulo brasileiro de 1983, com o Flamengo; a Copa Conmebol, em 1993, pelo Botafogo; e o Campeonato Carioca, pelo Fluminense, em 1984.<\/p>\n<p>Sua \u00faltima apari\u00e7\u00e3o na televis\u00e3o, segundo o Sportv, foi no \u00faltimo domingo (23), quando o comentarista participou do programa Troca de Passes.<\/p>\n","protected":false},"excerpt":{"rendered":"<p>O capit\u00e3o do tricampeonato da Sele\u00e7\u00e3o Brasileira da Copa do Mundo de 1970, Carlos Alberto Torres, morreu nessa ter\u00e7a-feira (26), aos 72 anos, no Rio de Janeiro. Ex-lateral direito, atualmente um dos comentaristas do canal de televis\u00e3o paga Sportv, sofreu um infarto em casa e n\u00e3o resistiu. Carlos Alberto passou por diversos clubes de futebol, [&hellip;]<\/p>\n","protected":false},"author":2,"featured_media":0,"comment_status":"open","ping_status":"open","sticky":false,"template":"","format":"standard","meta":{"footnotes":"","_links_to":"","_links_to_target":""},"categories":[1],"tags":[],"class_list":["post-62156","post","type-post","status-publish","format-standard","hentry","category-geral"],"views":2523,"_links":{"self":[{"href":"https:\/\/www.sudoestehoje.com.br\/novoportal\/wp-json\/wp\/v2\/posts\/62156","targetHints":{"allow":["GET"]}}],"collection":[{"href":"https:\/\/www.sudoestehoje.com.br\/novoportal\/wp-json\/wp\/v2\/posts"}],"about":[{"href":"https:\/\/www.sudoestehoje.com.br\/novoportal\/wp-json\/wp\/v2\/types\/post"}],"author":[{"embeddable":true,"href":"https:\/\/www.sudoestehoje.com.br\/novoportal\/wp-json\/wp\/v2\/users\/2"}],"replies":[{"embeddable":true,"href":"https:\/\/www.sudoestehoje.com.br\/novoportal\/wp-json\/wp\/v2\/comments?post=62156"}],"version-history":[{"count":1,"href":"https:\/\/www.sudoestehoje.com.br\/novoportal\/wp-json\/wp\/v2\/posts\/62156\/revisions"}],"predecessor-version":[{"id":62158,"href":"https:\/\/www.sudoestehoje.com.br\/novoportal\/wp-json\/wp\/v2\/posts\/62156\/revisions\/62158"}],"wp:attachment":[{"href":"https:\/\/www.sudoestehoje.com.br\/novoportal\/wp-json\/wp\/v2\/media?parent=62156"}],"wp:term":[{"taxonomy":"category","embeddable":true,"href":"https:\/\/www.sudoestehoje.com.br\/novoportal\/wp-json\/wp\/v2\/categories?post=62156"},{"taxonomy":"post_tag","embeddable":true,"href":"https:\/\/www.sudoestehoje.com.br\/novoportal\/wp-json\/wp\/v2\/tags?post=62156"}],"curies":[{"name":"wp","href":"https:\/\/api.w.org\/{rel}","templated":true}]}}