
{"id":62153,"date":"2016-10-25T13:48:29","date_gmt":"2016-10-25T16:48:29","guid":{"rendered":"http:\/\/www.sudoestehoje.com.br\/novoportal\/?p=62153"},"modified":"2016-10-25T13:48:29","modified_gmt":"2016-10-25T16:48:29","slug":"itapetinga-conhecido-taxista-morre-em-acidente-proximo-a-ponte-de-ze-dias","status":"publish","type":"post","link":"https:\/\/www.sudoestehoje.com.br\/novoportal\/2016\/10\/25\/itapetinga-conhecido-taxista-morre-em-acidente-proximo-a-ponte-de-ze-dias\/","title":{"rendered":"ITAPETINGA: CONHECIDO TAXISTA MORRE EM ACIDENTE PR\u00d3XIMO \u00c0 PONTE DE Z\u00c9 DIAS"},"content":{"rendered":"<p><a href=\"http:\/\/www.sudoestehoje.com.br\/novoportal\/wp-content\/uploads\/2016\/10\/geraldo.jpg\" rel=\"attachment wp-att-62154\"><img loading=\"lazy\" decoding=\"async\" class=\"aligncenter size-medium wp-image-62154\" src=\"http:\/\/www.sudoestehoje.com.br\/novoportal\/wp-content\/uploads\/2016\/10\/geraldo-500x304.jpg\" alt=\"geraldo\" width=\"500\" height=\"304\" srcset=\"https:\/\/www.sudoestehoje.com.br\/novoportal\/wp-content\/uploads\/2016\/10\/geraldo-500x304.jpg 500w, https:\/\/www.sudoestehoje.com.br\/novoportal\/wp-content\/uploads\/2016\/10\/geraldo.jpg 527w\" sizes=\"auto, (max-width: 500px) 100vw, 500px\" \/><\/a><\/p>\n<p>Um grave acidente de tr\u00e2nsito foi registrado na manh\u00e3 desta ter\u00e7a-feira, dia 25 de outubro, no per\u00edmetro urbano de Itapetinga, mais precisamente na rodovia BA-263, nas proximidades da Ponte de Z\u00e9 Dias.<\/p>\n<p>Um taxista, identificado pelo prenome Geraldo, que residia no bairro Clodoaldo Costa, foi socorrido por uma equipe do SAMU 192 para o Hospital Cristo Redentor, mas n\u00e3o resistiu aos ferimentos e veio a \u00f3bito. O homem, que era funcion\u00e1rio aposentado da Coelba, sofreu fraturas em diversas partes do corpo.<\/p>\n<p>Conforme informa\u00e7\u00f5es da Pol\u00edcia Rodovi\u00e1ria Estadual (PRE), o taxista viajava em dire\u00e7\u00e3o \u00e0 cidade, quando colidiu frontalmente contra um caminh\u00e3o ap\u00f3s ultrapassar uma carreta.<\/p>\n<p>No trecho onde aconteceu a colis\u00e3o \u00e9 permitido ultrapassagem, entretanto, o motorista n\u00e3o visualizou o caminh\u00e3o, que ficou com a parte dianteira danificada.<\/p>\n","protected":false},"excerpt":{"rendered":"<p>Um grave acidente de tr\u00e2nsito foi registrado na manh\u00e3 desta ter\u00e7a-feira, dia 25 de outubro, no per\u00edmetro urbano de Itapetinga, mais precisamente na rodovia BA-263, nas proximidades da Ponte de Z\u00e9 Dias. Um taxista, identificado pelo prenome Geraldo, que residia no bairro Clodoaldo Costa, foi socorrido por uma equipe do SAMU 192 para o Hospital [&hellip;]<\/p>\n","protected":false},"author":2,"featured_media":0,"comment_status":"open","ping_status":"open","sticky":false,"template":"","format":"standard","meta":{"footnotes":"","_links_to":"","_links_to_target":""},"categories":[1],"tags":[],"class_list":["post-62153","post","type-post","status-publish","format-standard","hentry","category-geral"],"views":2007,"_links":{"self":[{"href":"https:\/\/www.sudoestehoje.com.br\/novoportal\/wp-json\/wp\/v2\/posts\/62153","targetHints":{"allow":["GET"]}}],"collection":[{"href":"https:\/\/www.sudoestehoje.com.br\/novoportal\/wp-json\/wp\/v2\/posts"}],"about":[{"href":"https:\/\/www.sudoestehoje.com.br\/novoportal\/wp-json\/wp\/v2\/types\/post"}],"author":[{"embeddable":true,"href":"https:\/\/www.sudoestehoje.com.br\/novoportal\/wp-json\/wp\/v2\/users\/2"}],"replies":[{"embeddable":true,"href":"https:\/\/www.sudoestehoje.com.br\/novoportal\/wp-json\/wp\/v2\/comments?post=62153"}],"version-history":[{"count":1,"href":"https:\/\/www.sudoestehoje.com.br\/novoportal\/wp-json\/wp\/v2\/posts\/62153\/revisions"}],"predecessor-version":[{"id":62155,"href":"https:\/\/www.sudoestehoje.com.br\/novoportal\/wp-json\/wp\/v2\/posts\/62153\/revisions\/62155"}],"wp:attachment":[{"href":"https:\/\/www.sudoestehoje.com.br\/novoportal\/wp-json\/wp\/v2\/media?parent=62153"}],"wp:term":[{"taxonomy":"category","embeddable":true,"href":"https:\/\/www.sudoestehoje.com.br\/novoportal\/wp-json\/wp\/v2\/categories?post=62153"},{"taxonomy":"post_tag","embeddable":true,"href":"https:\/\/www.sudoestehoje.com.br\/novoportal\/wp-json\/wp\/v2\/tags?post=62153"}],"curies":[{"name":"wp","href":"https:\/\/api.w.org\/{rel}","templated":true}]}}