
{"id":62122,"date":"2016-10-23T19:06:48","date_gmt":"2016-10-23T22:06:48","guid":{"rendered":"http:\/\/www.sudoestehoje.com.br\/novoportal\/?p=62122"},"modified":"2016-10-23T22:18:55","modified_gmt":"2016-10-24T01:18:55","slug":"ze-elias-manter-a-atual-tarifa-de-agua-por-4-anos-compensaria-o-reajuste-de-35","status":"publish","type":"post","link":"https:\/\/www.sudoestehoje.com.br\/novoportal\/2016\/10\/23\/ze-elias-manter-a-atual-tarifa-de-agua-por-4-anos-compensaria-o-reajuste-de-35\/","title":{"rendered":"Z\u00c9 ELIAS &#8220;MANTER A ATUAL TARIFA DE \u00c1GUA POR 4 ANOS COMPENSARIA O REAJUSTE DE 35%&#8221;"},"content":{"rendered":"<p><a href=\"http:\/\/www.sudoestehoje.com.br\/novoportal\/wp-content\/uploads\/2016\/10\/jose-elias-3.jpg\" rel=\"attachment wp-att-62123\"><img loading=\"lazy\" decoding=\"async\" class=\"size-full wp-image-62123 alignleft\" src=\"http:\/\/www.sudoestehoje.com.br\/novoportal\/wp-content\/uploads\/2016\/10\/jose-elias-3.jpg\" alt=\"jose-elias\" width=\"190\" height=\"193\" \/><\/a><\/p>\n<p>Final de legislatura, e como sempre, discuss\u00e3o sobre majora\u00e7\u00e3o dos subs\u00eddios dos vereadores. O Tribunal de Contas recomenda que o subs\u00eddio do vereador em cidades como Itapetinga, corresponda at\u00e9 40% do subs\u00eddio de um deputado estadual. Como um deputado estadual recebe por volta de 25 mil, o teto estabelecido pelo Tribunal, permitiria um subs\u00eddio de at\u00e9 10 mil.<\/p>\n<p>S\u00f3 que, ao votar o reajuste para subs\u00eddio de vereador, automaticamente haver\u00e1 aumento de valor para prefeito, secret\u00e1rios, e outros.<\/p>\n<p>No momento em que a na\u00e7\u00e3o vive uma crise que penaliza a renda das pessoas, desemprego crescente, quebradeira generalizada de governos estaduais e prefeituras, os vereadores &#8211; leg\u00edtimos representantes do povo, precisam ter a sensibilidade de que a classe politica precisa tamb\u00e9m arcar com parcela do sacrif\u00edcio que a popula\u00e7\u00e3o est\u00e1 pagando.<\/p>\n<p>Diminuir subs\u00eddio de vereador \u00e9 demagogia barata. \u00c9 justo o atual legislativo votar uma lei para diminuir o subs\u00eddio do vereador da legislatura vindoura, do futuro prefeito e secret\u00e1rios? Por mais tentado a achar que sim, n\u00e3o \u00e9 justo n\u00e3o.<\/p>\n<p>Existe uma ideia em gesta\u00e7\u00e3o, que seria o &#8220;congelamento&#8221; do atual subs\u00eddio de 8 mil, para a pr\u00f3xima legislatura, alcan\u00e7ando tamb\u00e9m os vencimentos do prefeito, vice-prefeito, secret\u00e1rios, e outros.<\/p>\n<p><em>Tarifa de \u00c1gua<\/em><\/p>\n<p>Uma outra quest\u00e3o que precisa ser enfrentada, \u00e9 com rela\u00e7\u00e3o ao boato de que seria poss\u00edvel retirar o aumento de 35% do aumento de fornecimento de \u00e1gua pelo SAAE. O or\u00e7amento de 2017 \u00e9 apreciado e votado pela C\u00e2mara em exerc\u00edcio, fazendo com que o primeiro ano do governo Rodrigo Hagge seja regido por este or\u00e7amento votado em 2016. Tamb\u00e9m \u00e9 bom lembrar que n\u00e3o pode haver renuncia de receita, a n\u00e3o ser que se aponte fonte onde exista recurso dispon\u00edvel para haver compensa\u00e7\u00e3o da receita perdida.<\/p>\n<p>A manuten\u00e7a da atual tarifa por um per\u00edodo de quatro anos, seria uma atitude compensat\u00f3ria, para aplacar a ira da popula\u00e7\u00e3o por aquela majora\u00e7\u00e3o elevada na conta de \u00e1gua.<\/p>\n<p>As pessoas est\u00e3o cobrando um teto, um limite, para o gasto do dinheiro p\u00fablico em Itapetinga, o que nos levar a encontrar similaridade com que o governo Temer est\u00e1 propondo para o pa\u00eds.<\/p>\n<p><strong><em>Por Jos\u00e9 Elias Ribeiro<\/em><\/strong><\/p>\n","protected":false},"excerpt":{"rendered":"<p>Final de legislatura, e como sempre, discuss\u00e3o sobre majora\u00e7\u00e3o dos subs\u00eddios dos vereadores. O Tribunal de Contas recomenda que o subs\u00eddio do vereador em cidades como Itapetinga, corresponda at\u00e9 40% do subs\u00eddio de um deputado estadual. Como um deputado estadual recebe por volta de 25 mil, o teto estabelecido pelo Tribunal, permitiria um subs\u00eddio de [&hellip;]<\/p>\n","protected":false},"author":2,"featured_media":0,"comment_status":"open","ping_status":"open","sticky":false,"template":"","format":"standard","meta":{"footnotes":"","_links_to":"","_links_to_target":""},"categories":[1],"tags":[],"class_list":["post-62122","post","type-post","status-publish","format-standard","hentry","category-geral"],"views":1711,"_links":{"self":[{"href":"https:\/\/www.sudoestehoje.com.br\/novoportal\/wp-json\/wp\/v2\/posts\/62122","targetHints":{"allow":["GET"]}}],"collection":[{"href":"https:\/\/www.sudoestehoje.com.br\/novoportal\/wp-json\/wp\/v2\/posts"}],"about":[{"href":"https:\/\/www.sudoestehoje.com.br\/novoportal\/wp-json\/wp\/v2\/types\/post"}],"author":[{"embeddable":true,"href":"https:\/\/www.sudoestehoje.com.br\/novoportal\/wp-json\/wp\/v2\/users\/2"}],"replies":[{"embeddable":true,"href":"https:\/\/www.sudoestehoje.com.br\/novoportal\/wp-json\/wp\/v2\/comments?post=62122"}],"version-history":[{"count":2,"href":"https:\/\/www.sudoestehoje.com.br\/novoportal\/wp-json\/wp\/v2\/posts\/62122\/revisions"}],"predecessor-version":[{"id":62126,"href":"https:\/\/www.sudoestehoje.com.br\/novoportal\/wp-json\/wp\/v2\/posts\/62122\/revisions\/62126"}],"wp:attachment":[{"href":"https:\/\/www.sudoestehoje.com.br\/novoportal\/wp-json\/wp\/v2\/media?parent=62122"}],"wp:term":[{"taxonomy":"category","embeddable":true,"href":"https:\/\/www.sudoestehoje.com.br\/novoportal\/wp-json\/wp\/v2\/categories?post=62122"},{"taxonomy":"post_tag","embeddable":true,"href":"https:\/\/www.sudoestehoje.com.br\/novoportal\/wp-json\/wp\/v2\/tags?post=62122"}],"curies":[{"name":"wp","href":"https:\/\/api.w.org\/{rel}","templated":true}]}}