
{"id":6211,"date":"2011-06-29T00:06:52","date_gmt":"2011-06-29T03:06:52","guid":{"rendered":"http:\/\/www.sudoestehoje.com.br\/novoportal\/?p=6211"},"modified":"2011-06-29T14:33:54","modified_gmt":"2011-06-29T17:33:54","slug":"aspones-da-camara-de-vereadores-querem-receber","status":"publish","type":"post","link":"https:\/\/www.sudoestehoje.com.br\/novoportal\/2011\/06\/29\/aspones-da-camara-de-vereadores-querem-receber\/","title":{"rendered":"ASPONES DA C\u00c2MARA DE VEREADORES QUEREM RECEBER 13\u00ba SAL\u00c1RIO"},"content":{"rendered":"<p style=\"text-align: center;\"><img decoding=\"async\" src=\"http:\/\/1.bp.blogspot.com\/_QkcDI47osO0\/SXfF_DLnzqI\/AAAAAAAABAw\/SWHvL_xmEug\/s400\/marmelada.jpg\" alt=\"\" \/><\/p>\n<p style=\"text-align: center;\"><em><strong>Sobremesa predileta dos &#8216;Aspones&#8217; da C\u00e2mara de Vereadores<\/strong><\/em><\/p>\n<p>ITAPETINGA: Est\u00e1 em curso na c\u00e2mara de vereadores de Itapetinga, um movimento liderado por alguns vereadores e seus &#8216;assessores parlamentares&#8217;, exigindo do fraqu\u00edssimo presidente Jo\u00e3o de Deus, o pagamento indevido do 13\u00ba sal\u00e1rio a esses ASPONES, como se\u00a0fossem servidores efetivos da C\u00e2mara Municipal.<\/p>\n<p>Esse verdadeiro &#8220;Trem da Alegria&#8221; agrada \u00e0 maioria dos vereadores, que pensam em dar aquela &#8216;m\u00e3ozinha&#8217; aos seus cabos eleitorais, cuja maioria nem sequer frequenta os gabinetes, com exce\u00e7\u00e3o de tr\u00eas ou quatro, que comparecem ao servi\u00e7o.<\/p>\n<p>Segundo informa\u00e7\u00f5es de servidores do legislativo, a press\u00e3o em cima do vascilante presidente da casa \u00e9 t\u00e3o grande, que ele est\u00e1 propenso a ceder, criando uma situa\u00e7\u00e3o de risco para a sua\u00a0presta\u00e7\u00e3o de contas, junto ao TCM. Assessores &#8216;fantasmas&#8217; para lhe aconselharem, n\u00e3o faltam.<\/p>\n<p>Na terra da marmelada e da laranjada, isto \u00e9 &#8216;caf\u00e9 pequeno&#8217;! Estava at\u00e9 demorando&#8230;<\/p>\n<p><em><strong>Por DAVI FERRAZ<\/strong><\/em><\/p>\n","protected":false},"excerpt":{"rendered":"<p>Sobremesa predileta dos &#8216;Aspones&#8217; da C\u00e2mara de Vereadores ITAPETINGA: Est\u00e1 em curso na c\u00e2mara de vereadores de Itapetinga, um movimento liderado por alguns vereadores e seus &#8216;assessores parlamentares&#8217;, exigindo do fraqu\u00edssimo presidente Jo\u00e3o de Deus, o pagamento indevido do 13\u00ba sal\u00e1rio a esses ASPONES, como se\u00a0fossem servidores efetivos da C\u00e2mara Municipal. Esse verdadeiro &#8220;Trem da [&hellip;]<\/p>\n","protected":false},"author":2,"featured_media":0,"comment_status":"open","ping_status":"open","sticky":false,"template":"","format":"standard","meta":{"footnotes":"","_links_to":"","_links_to_target":""},"categories":[1],"tags":[],"class_list":["post-6211","post","type-post","status-publish","format-standard","hentry","category-geral"],"views":1522,"_links":{"self":[{"href":"https:\/\/www.sudoestehoje.com.br\/novoportal\/wp-json\/wp\/v2\/posts\/6211","targetHints":{"allow":["GET"]}}],"collection":[{"href":"https:\/\/www.sudoestehoje.com.br\/novoportal\/wp-json\/wp\/v2\/posts"}],"about":[{"href":"https:\/\/www.sudoestehoje.com.br\/novoportal\/wp-json\/wp\/v2\/types\/post"}],"author":[{"embeddable":true,"href":"https:\/\/www.sudoestehoje.com.br\/novoportal\/wp-json\/wp\/v2\/users\/2"}],"replies":[{"embeddable":true,"href":"https:\/\/www.sudoestehoje.com.br\/novoportal\/wp-json\/wp\/v2\/comments?post=6211"}],"version-history":[{"count":7,"href":"https:\/\/www.sudoestehoje.com.br\/novoportal\/wp-json\/wp\/v2\/posts\/6211\/revisions"}],"predecessor-version":[{"id":6221,"href":"https:\/\/www.sudoestehoje.com.br\/novoportal\/wp-json\/wp\/v2\/posts\/6211\/revisions\/6221"}],"wp:attachment":[{"href":"https:\/\/www.sudoestehoje.com.br\/novoportal\/wp-json\/wp\/v2\/media?parent=6211"}],"wp:term":[{"taxonomy":"category","embeddable":true,"href":"https:\/\/www.sudoestehoje.com.br\/novoportal\/wp-json\/wp\/v2\/categories?post=6211"},{"taxonomy":"post_tag","embeddable":true,"href":"https:\/\/www.sudoestehoje.com.br\/novoportal\/wp-json\/wp\/v2\/tags?post=6211"}],"curies":[{"name":"wp","href":"https:\/\/api.w.org\/{rel}","templated":true}]}}