
{"id":62098,"date":"2016-10-21T23:53:09","date_gmt":"2016-10-22T02:53:09","guid":{"rendered":"http:\/\/www.sudoestehoje.com.br\/novoportal\/?p=62098"},"modified":"2016-10-21T23:53:09","modified_gmt":"2016-10-22T02:53:09","slug":"tenho-total-sintonia-com-a-pec-241-declara-senador-otto-alencar","status":"publish","type":"post","link":"https:\/\/www.sudoestehoje.com.br\/novoportal\/2016\/10\/21\/tenho-total-sintonia-com-a-pec-241-declara-senador-otto-alencar\/","title":{"rendered":"&#8220;TENHO TOTAL SINTONIA COM A PEC 241&#8221;, DECLARA SENADOR OTTO ALENCAR"},"content":{"rendered":"<p><a href=\"http:\/\/www.sudoestehoje.com.br\/novoportal\/wp-content\/uploads\/2016\/10\/OTO.jpg\" rel=\"attachment wp-att-62100\"><img loading=\"lazy\" decoding=\"async\" class=\"aligncenter size-medium wp-image-62100\" src=\"http:\/\/www.sudoestehoje.com.br\/novoportal\/wp-content\/uploads\/2016\/10\/OTO-500x271.jpg\" alt=\"oto\" width=\"500\" height=\"271\" srcset=\"https:\/\/www.sudoestehoje.com.br\/novoportal\/wp-content\/uploads\/2016\/10\/OTO-500x271.jpg 500w, https:\/\/www.sudoestehoje.com.br\/novoportal\/wp-content\/uploads\/2016\/10\/OTO.jpg 590w\" sizes=\"auto, (max-width: 500px) 100vw, 500px\" \/><\/a><\/p>\n<p>Ao Metro1, durante a 13\u00aa Semana Nacional de Ci\u00eancia e Tecnologia, realizada na sede do Senai Cimatec, o senador Otto Alencar (PDT), disse ser totalmente favor\u00e1vel \u00e0 PEC 241, j\u00e1 aprovada em primeiro turno com 366 votos, que prev\u00ea um teto para os investimentos p\u00fablicos pelos pr\u00f3ximos 20 anos. Ele afirmou ainda que o Brasil precisa de uma mudan\u00e7a economica &#8220;profundamente radical&#8221;.<\/p>\n<p>&#8220;Tenho total sintonia com a PEC 241. Ou se toma uma posi\u00e7\u00e3o radical do ponto de vista econ\u00f4mico no Brasil, bem profundamente radical, ou ent\u00e3o n\u00f3s vamos, do pr\u00f3ximo ano at\u00e9 2018, sair de 68% da d\u00edvida p\u00fablica em rela\u00e7\u00e3o ao PIB para 70%, 80%, e a\u00ed vamos para o caos total. O pa\u00eds vai ter que emitir moeda. A\u00ed vem infla\u00e7\u00e3o que \u00e9 o imposto mais alto para pagar&#8221;, afirmou o senador.<\/p>\n<p>Otto garantiu ainda que a PEC n\u00e3o deve significar nenhuma perda na educa\u00e7\u00e3o ou sa\u00fade. &#8220;N\u00e3o \u00e9 verdade. \u00c9 onde n\u00e3o vai perder, porque s\u00e3o \u00edndices veiculados pelo governo federal, pelo governo estadual e pelos municipais&#8221;, declarou.<\/p>\n","protected":false},"excerpt":{"rendered":"<p>Ao Metro1, durante a 13\u00aa Semana Nacional de Ci\u00eancia e Tecnologia, realizada na sede do Senai Cimatec, o senador Otto Alencar (PDT), disse ser totalmente favor\u00e1vel \u00e0 PEC 241, j\u00e1 aprovada em primeiro turno com 366 votos, que prev\u00ea um teto para os investimentos p\u00fablicos pelos pr\u00f3ximos 20 anos. Ele afirmou ainda que o Brasil [&hellip;]<\/p>\n","protected":false},"author":2,"featured_media":0,"comment_status":"open","ping_status":"open","sticky":false,"template":"","format":"standard","meta":{"footnotes":"","_links_to":"","_links_to_target":""},"categories":[1],"tags":[],"class_list":["post-62098","post","type-post","status-publish","format-standard","hentry","category-geral"],"views":1510,"_links":{"self":[{"href":"https:\/\/www.sudoestehoje.com.br\/novoportal\/wp-json\/wp\/v2\/posts\/62098","targetHints":{"allow":["GET"]}}],"collection":[{"href":"https:\/\/www.sudoestehoje.com.br\/novoportal\/wp-json\/wp\/v2\/posts"}],"about":[{"href":"https:\/\/www.sudoestehoje.com.br\/novoportal\/wp-json\/wp\/v2\/types\/post"}],"author":[{"embeddable":true,"href":"https:\/\/www.sudoestehoje.com.br\/novoportal\/wp-json\/wp\/v2\/users\/2"}],"replies":[{"embeddable":true,"href":"https:\/\/www.sudoestehoje.com.br\/novoportal\/wp-json\/wp\/v2\/comments?post=62098"}],"version-history":[{"count":1,"href":"https:\/\/www.sudoestehoje.com.br\/novoportal\/wp-json\/wp\/v2\/posts\/62098\/revisions"}],"predecessor-version":[{"id":62101,"href":"https:\/\/www.sudoestehoje.com.br\/novoportal\/wp-json\/wp\/v2\/posts\/62098\/revisions\/62101"}],"wp:attachment":[{"href":"https:\/\/www.sudoestehoje.com.br\/novoportal\/wp-json\/wp\/v2\/media?parent=62098"}],"wp:term":[{"taxonomy":"category","embeddable":true,"href":"https:\/\/www.sudoestehoje.com.br\/novoportal\/wp-json\/wp\/v2\/categories?post=62098"},{"taxonomy":"post_tag","embeddable":true,"href":"https:\/\/www.sudoestehoje.com.br\/novoportal\/wp-json\/wp\/v2\/tags?post=62098"}],"curies":[{"name":"wp","href":"https:\/\/api.w.org\/{rel}","templated":true}]}}