
{"id":62076,"date":"2016-10-19T14:04:14","date_gmt":"2016-10-19T17:04:14","guid":{"rendered":"http:\/\/www.sudoestehoje.com.br\/novoportal\/?p=62076"},"modified":"2016-10-19T14:54:13","modified_gmt":"2016-10-19T17:54:13","slug":"urgente-eduardo-cunha-e-preso-em-brasilia","status":"publish","type":"post","link":"https:\/\/www.sudoestehoje.com.br\/novoportal\/2016\/10\/19\/urgente-eduardo-cunha-e-preso-em-brasilia\/","title":{"rendered":"URGENTE! EDUARDO CUNHA \u00c9 PRESO EM BRASILIA"},"content":{"rendered":"<p><a href=\"http:\/\/www.sudoestehoje.com.br\/novoportal\/wp-content\/uploads\/2016\/10\/cunha-cadeia.jpg\" rel=\"attachment wp-att-62077\"><img loading=\"lazy\" decoding=\"async\" class=\"aligncenter  wp-image-62077\" src=\"http:\/\/www.sudoestehoje.com.br\/novoportal\/wp-content\/uploads\/2016\/10\/cunha-cadeia.jpg\" alt=\"cunha-cadeia\" width=\"500\" height=\"428\" \/><\/a><\/p>\n<p>O ex-deputado Eduardo Cunha (PMDB-RJ) foi preso nesta quarta-feira (19) em Bras\u00edlia.\u00a0A pris\u00e3o do deputado \u00e9 preventiva, segundo informou a Pol\u00edcia Federal.\u00a0O ex-deputado foi detido pr\u00f3ximo ao local onde mora na capital federal.<\/p>\n<p>\u00c0s 15h (hor\u00e1rio de Brasilia), Cunha embarcou no avi\u00e3o da Pol\u00edcia Federal que o levar\u00e1 a Curitiba.<\/p>\n<p>Cunha \u00e9 r\u00e9u em processos da Opera\u00e7\u00e3o Lava Jato que est\u00e3o sob a responsabilidade do juiz Sergio Moro, da 13\u00aa Vara Federal de Curitiba. A ordem de pris\u00e3o foi expedida por Moro na \u00faltima ter\u00e7a-feira (18).<\/p>\n<p>Tamb\u00e9m foi decretado o bloqueio de bens de Cunha no valor de <strong>R$ 220.677.515,24<\/strong>.<\/p>\n<p>No pedido de pris\u00e3o, os procuradores da for\u00e7a-tarefa da Lava Jato sustentaram que a liberdade do ex-parlamentar representava risco \u00e0 instru\u00e7\u00e3o do processo, \u00e0 ordem p\u00fablica, como tamb\u00e9m a possibilidade concreta de fuga em virtude da disponibilidade de recursos ocultos no exterior, al\u00e9m da dupla nacionalidade (Cunha \u00e9 italiano e brasileiro).<\/p>\n<p>O juiz \u00e9 respons\u00e1vel pela a\u00e7\u00e3o penal na qual Cunha \u00e9 r\u00e9u sob a acusa\u00e7\u00e3o de ter recebido propina em contas na Su\u00ed\u00e7a do esquema de corrup\u00e7\u00e3o da Petrobras.<\/p>\n<p>&nbsp;<\/p>\n","protected":false},"excerpt":{"rendered":"<p>O ex-deputado Eduardo Cunha (PMDB-RJ) foi preso nesta quarta-feira (19) em Bras\u00edlia.\u00a0A pris\u00e3o do deputado \u00e9 preventiva, segundo informou a Pol\u00edcia Federal.\u00a0O ex-deputado foi detido pr\u00f3ximo ao local onde mora na capital federal. \u00c0s 15h (hor\u00e1rio de Brasilia), Cunha embarcou no avi\u00e3o da Pol\u00edcia Federal que o levar\u00e1 a Curitiba. Cunha \u00e9 r\u00e9u em processos [&hellip;]<\/p>\n","protected":false},"author":2,"featured_media":0,"comment_status":"open","ping_status":"open","sticky":false,"template":"","format":"standard","meta":{"footnotes":"","_links_to":"","_links_to_target":""},"categories":[1],"tags":[],"class_list":["post-62076","post","type-post","status-publish","format-standard","hentry","category-geral"],"views":3091,"_links":{"self":[{"href":"https:\/\/www.sudoestehoje.com.br\/novoportal\/wp-json\/wp\/v2\/posts\/62076","targetHints":{"allow":["GET"]}}],"collection":[{"href":"https:\/\/www.sudoestehoje.com.br\/novoportal\/wp-json\/wp\/v2\/posts"}],"about":[{"href":"https:\/\/www.sudoestehoje.com.br\/novoportal\/wp-json\/wp\/v2\/types\/post"}],"author":[{"embeddable":true,"href":"https:\/\/www.sudoestehoje.com.br\/novoportal\/wp-json\/wp\/v2\/users\/2"}],"replies":[{"embeddable":true,"href":"https:\/\/www.sudoestehoje.com.br\/novoportal\/wp-json\/wp\/v2\/comments?post=62076"}],"version-history":[{"count":2,"href":"https:\/\/www.sudoestehoje.com.br\/novoportal\/wp-json\/wp\/v2\/posts\/62076\/revisions"}],"predecessor-version":[{"id":62079,"href":"https:\/\/www.sudoestehoje.com.br\/novoportal\/wp-json\/wp\/v2\/posts\/62076\/revisions\/62079"}],"wp:attachment":[{"href":"https:\/\/www.sudoestehoje.com.br\/novoportal\/wp-json\/wp\/v2\/media?parent=62076"}],"wp:term":[{"taxonomy":"category","embeddable":true,"href":"https:\/\/www.sudoestehoje.com.br\/novoportal\/wp-json\/wp\/v2\/categories?post=62076"},{"taxonomy":"post_tag","embeddable":true,"href":"https:\/\/www.sudoestehoje.com.br\/novoportal\/wp-json\/wp\/v2\/tags?post=62076"}],"curies":[{"name":"wp","href":"https:\/\/api.w.org\/{rel}","templated":true}]}}