
{"id":62050,"date":"2016-10-18T14:34:16","date_gmt":"2016-10-18T17:34:16","guid":{"rendered":"http:\/\/www.sudoestehoje.com.br\/novoportal\/?p=62050"},"modified":"2016-10-18T19:44:53","modified_gmt":"2016-10-18T22:44:53","slug":"avioes-do-forro-e-investigada-pela-policia-federal-por-fraudes-no-imposto-de-renda","status":"publish","type":"post","link":"https:\/\/www.sudoestehoje.com.br\/novoportal\/2016\/10\/18\/avioes-do-forro-e-investigada-pela-policia-federal-por-fraudes-no-imposto-de-renda\/","title":{"rendered":"AVI\u00d5ES DO FORR\u00d3 \u00c9 INVESTIGADA PELA POL\u00cdCIA FEDERAL POR FRAUDES NO IMPOSTO DE RENDA"},"content":{"rendered":"<p><a href=\"http:\/\/www.sudoestehoje.com.br\/novoportal\/wp-content\/uploads\/2016\/10\/AVI\u00d5ES.jpg\" rel=\"attachment wp-att-62051\"><img loading=\"lazy\" decoding=\"async\" class=\"aligncenter size-medium wp-image-62051\" src=\"http:\/\/www.sudoestehoje.com.br\/novoportal\/wp-content\/uploads\/2016\/10\/AVI\u00d5ES-500x336.jpg\" alt=\"avioes\" width=\"500\" height=\"336\" srcset=\"https:\/\/www.sudoestehoje.com.br\/novoportal\/wp-content\/uploads\/2016\/10\/AVI\u00d5ES-500x336.jpg 500w, https:\/\/www.sudoestehoje.com.br\/novoportal\/wp-content\/uploads\/2016\/10\/AVI\u00d5ES.jpg 700w\" sizes=\"auto, (max-width: 500px) 100vw, 500px\" \/><\/a><\/p>\n<p>A Pol\u00edcia Federal deflagou na manh\u00e3 desta ter\u00e7a-feira a opera\u00e7\u00e3o \u201cFor All\u201d que tem como principal alvo a banda cearense Avi\u00f5es do Forr\u00f3. A a\u00e7\u00e3o busca investigar fraudes no imposto de renda praticados pelo grupo cearense.\u00a0As investiga\u00e7\u00f5es revelam\u00a0que o grupo que administra a banda estaria fornecendo dados falsos e omitindo informa\u00e7\u00f5es relevantes em suas declara\u00e7\u00f5es de Imposto de Renda, para livrar-se\u00a0da cobran\u00e7a de tributos, al\u00e9m da poss\u00edvel ocorr\u00eancia de lavagem de capitais, falsidade ideol\u00f3gica e associa\u00e7\u00e3o criminosa.<\/p>\n<p>Est\u00e3o sendo cumpridos 32 mandados de condu\u00e7\u00e3o coercitiva e 44 de busca e apreens\u00e3o nas cidades de\u00a0Fortaleza e Russas, no Cear\u00e1, e Souza, na Para\u00edba, al\u00e9m de ter sido decretado o bloqueio de im\u00f3veis e ve\u00edculos de pessoas ligadas a um grupo empresarial atuante no ramo do entretenimento e respons\u00e1vel por grandes bandas de forr\u00f3 e casas de shows do Cear\u00e1. A opera\u00e7\u00e3o tem o apoio da Receita Federal.<\/p>\n<p><img decoding=\"async\" class=\"aligncenter\" src=\"http:\/\/www.sudoestehoje.com.br\/novoportal\/wp-content\/uploads\/2014\/07\/Feira-do-Lar-1.png\" alt=\"Feira-do-Lar (1)\" \/><\/p>\n","protected":false},"excerpt":{"rendered":"<p>A Pol\u00edcia Federal deflagou na manh\u00e3 desta ter\u00e7a-feira a opera\u00e7\u00e3o \u201cFor All\u201d que tem como principal alvo a banda cearense Avi\u00f5es do Forr\u00f3. A a\u00e7\u00e3o busca investigar fraudes no imposto de renda praticados pelo grupo cearense.\u00a0As investiga\u00e7\u00f5es revelam\u00a0que o grupo que administra a banda estaria fornecendo dados falsos e omitindo informa\u00e7\u00f5es relevantes em suas declara\u00e7\u00f5es [&hellip;]<\/p>\n","protected":false},"author":2,"featured_media":0,"comment_status":"open","ping_status":"open","sticky":false,"template":"","format":"standard","meta":{"footnotes":"","_links_to":"","_links_to_target":""},"categories":[1],"tags":[],"class_list":["post-62050","post","type-post","status-publish","format-standard","hentry","category-geral"],"views":1385,"_links":{"self":[{"href":"https:\/\/www.sudoestehoje.com.br\/novoportal\/wp-json\/wp\/v2\/posts\/62050","targetHints":{"allow":["GET"]}}],"collection":[{"href":"https:\/\/www.sudoestehoje.com.br\/novoportal\/wp-json\/wp\/v2\/posts"}],"about":[{"href":"https:\/\/www.sudoestehoje.com.br\/novoportal\/wp-json\/wp\/v2\/types\/post"}],"author":[{"embeddable":true,"href":"https:\/\/www.sudoestehoje.com.br\/novoportal\/wp-json\/wp\/v2\/users\/2"}],"replies":[{"embeddable":true,"href":"https:\/\/www.sudoestehoje.com.br\/novoportal\/wp-json\/wp\/v2\/comments?post=62050"}],"version-history":[{"count":3,"href":"https:\/\/www.sudoestehoje.com.br\/novoportal\/wp-json\/wp\/v2\/posts\/62050\/revisions"}],"predecessor-version":[{"id":62064,"href":"https:\/\/www.sudoestehoje.com.br\/novoportal\/wp-json\/wp\/v2\/posts\/62050\/revisions\/62064"}],"wp:attachment":[{"href":"https:\/\/www.sudoestehoje.com.br\/novoportal\/wp-json\/wp\/v2\/media?parent=62050"}],"wp:term":[{"taxonomy":"category","embeddable":true,"href":"https:\/\/www.sudoestehoje.com.br\/novoportal\/wp-json\/wp\/v2\/categories?post=62050"},{"taxonomy":"post_tag","embeddable":true,"href":"https:\/\/www.sudoestehoje.com.br\/novoportal\/wp-json\/wp\/v2\/tags?post=62050"}],"curies":[{"name":"wp","href":"https:\/\/api.w.org\/{rel}","templated":true}]}}