
{"id":62046,"date":"2016-10-17T18:44:00","date_gmt":"2016-10-17T21:44:00","guid":{"rendered":"http:\/\/www.sudoestehoje.com.br\/novoportal\/?p=62046"},"modified":"2016-10-18T19:46:01","modified_gmt":"2016-10-18T22:46:01","slug":"por-que-otto-alencar-nao-veio-a-itapetinga-na-campanha-de-alecio-chaves","status":"publish","type":"post","link":"https:\/\/www.sudoestehoje.com.br\/novoportal\/2016\/10\/17\/por-que-otto-alencar-nao-veio-a-itapetinga-na-campanha-de-alecio-chaves\/","title":{"rendered":"POR QUE OTTO ALENCAR N\u00c3O VEIO A ITAPETINGA NA CAMPANHA DE AL\u00c9CIO CHAVES?"},"content":{"rendered":"<p><a href=\"http:\/\/www.sudoestehoje.com.br\/novoportal\/wp-content\/uploads\/2016\/10\/otto.jpg\" rel=\"attachment wp-att-62047\"><img loading=\"lazy\" decoding=\"async\" class=\"aligncenter size-medium wp-image-62047\" src=\"http:\/\/www.sudoestehoje.com.br\/novoportal\/wp-content\/uploads\/2016\/10\/otto-500x375.jpg\" alt=\"otto\" width=\"500\" height=\"375\" srcset=\"https:\/\/www.sudoestehoje.com.br\/novoportal\/wp-content\/uploads\/2016\/10\/otto-500x375.jpg 500w, https:\/\/www.sudoestehoje.com.br\/novoportal\/wp-content\/uploads\/2016\/10\/otto-768x576.jpg 768w, https:\/\/www.sudoestehoje.com.br\/novoportal\/wp-content\/uploads\/2016\/10\/otto-700x525.jpg 700w, https:\/\/www.sudoestehoje.com.br\/novoportal\/wp-content\/uploads\/2016\/10\/otto.jpg 1600w\" sizes=\"auto, (max-width: 500px) 100vw, 500px\" \/><\/a><\/p>\n<p>No lan\u00e7amento da candidatura de Al\u00e9cio Chaves, no m\u00eas de julho, o senador Otto Alencar, cacique do PSD da Bahia, foi a figura de maior destaque, ao lado da deputada estadual \u00c2ngela Sousa.<\/p>\n<p>Em seu discurso, Otto garantiu que Al\u00e9cio poderia contar com o todo o seu empenho e que estaria aqui em Itapetinga, ao lado dos seus partid\u00e1rios, para ajudar na elei\u00e7\u00e3o do bravo professor, que naquele momento ainda liderava as pesquisas de opini\u00e3o p\u00fablica em Itapetinga.<\/p>\n<p>Para frustra\u00e7\u00e3o dos seus partid\u00e1rios e coligados, o senador tomou o famoso &#8216;ch\u00e1 de sumi\u00e7o&#8217;, deixando Al\u00e9cio assistir inerte a desidrata\u00e7\u00e3o da sua candidatura, por falta de recursos e apoio pol\u00edtico.<\/p>\n<p>Perguntado pelo editor deste blog sobre o n\u00e3o comparecimento de Otto na campanha de Al\u00e9cio, um dos seus representantes na regi\u00e3o respondeu, em tom de brincadeira: <em>&#8220;a \u00e1gua por aqui tava muito barrenta&#8230;&#8221;<\/em><\/p>\n<p>Deu para entender?<\/p>\n<p><strong><em>Por Davi Ferraz<\/em><\/strong><\/p>\n<p><img decoding=\"async\" class=\"aligncenter\" src=\"http:\/\/www.sudoestehoje.com.br\/novoportal\/wp-content\/uploads\/2014\/09\/banner-4.jpg\" alt=\"Resultado de imagem para SKALA MODAS ITAPETINGA\" \/><\/p>\n","protected":false},"excerpt":{"rendered":"<p>No lan\u00e7amento da candidatura de Al\u00e9cio Chaves, no m\u00eas de julho, o senador Otto Alencar, cacique do PSD da Bahia, foi a figura de maior destaque, ao lado da deputada estadual \u00c2ngela Sousa. Em seu discurso, Otto garantiu que Al\u00e9cio poderia contar com o todo o seu empenho e que estaria aqui em Itapetinga, ao [&hellip;]<\/p>\n","protected":false},"author":2,"featured_media":0,"comment_status":"open","ping_status":"open","sticky":false,"template":"","format":"standard","meta":{"footnotes":"","_links_to":"","_links_to_target":""},"categories":[1],"tags":[],"class_list":["post-62046","post","type-post","status-publish","format-standard","hentry","category-geral"],"views":2229,"_links":{"self":[{"href":"https:\/\/www.sudoestehoje.com.br\/novoportal\/wp-json\/wp\/v2\/posts\/62046","targetHints":{"allow":["GET"]}}],"collection":[{"href":"https:\/\/www.sudoestehoje.com.br\/novoportal\/wp-json\/wp\/v2\/posts"}],"about":[{"href":"https:\/\/www.sudoestehoje.com.br\/novoportal\/wp-json\/wp\/v2\/types\/post"}],"author":[{"embeddable":true,"href":"https:\/\/www.sudoestehoje.com.br\/novoportal\/wp-json\/wp\/v2\/users\/2"}],"replies":[{"embeddable":true,"href":"https:\/\/www.sudoestehoje.com.br\/novoportal\/wp-json\/wp\/v2\/comments?post=62046"}],"version-history":[{"count":3,"href":"https:\/\/www.sudoestehoje.com.br\/novoportal\/wp-json\/wp\/v2\/posts\/62046\/revisions"}],"predecessor-version":[{"id":62065,"href":"https:\/\/www.sudoestehoje.com.br\/novoportal\/wp-json\/wp\/v2\/posts\/62046\/revisions\/62065"}],"wp:attachment":[{"href":"https:\/\/www.sudoestehoje.com.br\/novoportal\/wp-json\/wp\/v2\/media?parent=62046"}],"wp:term":[{"taxonomy":"category","embeddable":true,"href":"https:\/\/www.sudoestehoje.com.br\/novoportal\/wp-json\/wp\/v2\/categories?post=62046"},{"taxonomy":"post_tag","embeddable":true,"href":"https:\/\/www.sudoestehoje.com.br\/novoportal\/wp-json\/wp\/v2\/tags?post=62046"}],"curies":[{"name":"wp","href":"https:\/\/api.w.org\/{rel}","templated":true}]}}