
{"id":62027,"date":"2016-10-17T00:27:59","date_gmt":"2016-10-17T03:27:59","guid":{"rendered":"http:\/\/www.sudoestehoje.com.br\/novoportal\/?p=62027"},"modified":"2016-10-17T00:27:59","modified_gmt":"2016-10-17T03:27:59","slug":"regiao-novo-prefeito-de-ibicui-ja-esta-focado-no-sao-joao-de-2017","status":"publish","type":"post","link":"https:\/\/www.sudoestehoje.com.br\/novoportal\/2016\/10\/17\/regiao-novo-prefeito-de-ibicui-ja-esta-focado-no-sao-joao-de-2017\/","title":{"rendered":"REGI\u00c3O: NOVO PREFEITO DE IBICU\u00cd J\u00c1 EST\u00c1 FOCADO NO S\u00c3O JO\u00c3O DE 2017"},"content":{"rendered":"<p><a href=\"http:\/\/www.sudoestehoje.com.br\/novoportal\/wp-content\/uploads\/2016\/10\/brega-a\u00e9reo-1.jpg\" rel=\"attachment wp-att-62030\"><img loading=\"lazy\" decoding=\"async\" class=\"aligncenter size-medium wp-image-62030\" src=\"http:\/\/www.sudoestehoje.com.br\/novoportal\/wp-content\/uploads\/2016\/10\/brega-a\u00e9reo-1-500x333.jpg\" alt=\"brega-aereo-1\" width=\"500\" height=\"333\" srcset=\"https:\/\/www.sudoestehoje.com.br\/novoportal\/wp-content\/uploads\/2016\/10\/brega-a\u00e9reo-1-500x333.jpg 500w, https:\/\/www.sudoestehoje.com.br\/novoportal\/wp-content\/uploads\/2016\/10\/brega-a\u00e9reo-1-768x512.jpg 768w, https:\/\/www.sudoestehoje.com.br\/novoportal\/wp-content\/uploads\/2016\/10\/brega-a\u00e9reo-1-700x467.jpg 700w, https:\/\/www.sudoestehoje.com.br\/novoportal\/wp-content\/uploads\/2016\/10\/brega-a\u00e9reo-1.jpg 960w\" sizes=\"auto, (max-width: 500px) 100vw, 500px\" \/><\/a><\/p>\n<p id=\"yui_3_16_0_ym19_1_1476673634742_2527\"><span id=\"yui_3_16_0_ym19_1_1476673634742_2526\"><span id=\"yui_3_16_0_ym19_1_1476673634742_2525\" style=\"color: #000000;\">O empres\u00e1rio Marcos Galv\u00e3o (PSD), recentemente eleito como o novo prefeito da cidade de Ibicu\u00ed j\u00e1 est\u00e1 focado em ampliar o mercado do entretenimento na regi\u00e3o. Com uma carreira constru\u00edda na realiza\u00e7\u00e3o de diversos eventos, o s\u00f3cio\/fundador do Brega Light teve como uma de suas plataformas de campanha o fortalecimento das tradicionais festas juninas. \u201cO festejo junino \u00e9 um patrim\u00f4nio hist\u00f3rico cultural do munic\u00edpio, uma fonte de renda para grande parte da popula\u00e7\u00e3o e com isso merece uma aten\u00e7\u00e3o especial\u201d, comentou Marcos.<\/span><\/span><\/p>\n<p><span style=\"color: #000000;\">\u00a0<\/span><span id=\"yui_3_16_0_ym19_1_1476673634742_2533\" style=\"color: #000000;\">Ciente das dificuldades financeiras que vai encontrar a frente do executivo municipal, o prefeito eleito promete usar de criatividade para conseguir impulsionar o S\u00e3o Jo\u00e3o de Ibicu\u00ed que j\u00e1 \u00e9 considerado um dos maiores do Brasil.<\/span><span style=\"color: #000000;\">\u00a0 <\/span><span style=\"color: #000000;\">&#8220;Vamos usar de toda a nossa experi\u00eancia adquirida ao longo dos anos para profissionalizar o S\u00e3o Jo\u00e3o de Ibicu\u00ed a partir de 2017, o objetivo ser\u00e1 atrair cada vez mais turistas vindos de toda parte do Brasil e proporcionar a eles uma experi\u00eancia \u00fanica, buscando assim consolidar o turismo e fortalecer a economia local &#8220;, finalizou.\u00a0<\/span><\/p>\n<p id=\"yui_3_16_0_ym19_1_1476673634742_2580\"><em><span id=\"yui_3_16_0_ym19_1_1476673634742_2579\"><span id=\"yui_3_16_0_ym19_1_1476673634742_2578\">Caio Coroa &#8211;\u00a0<\/span><\/span><span id=\"yui_3_16_0_ym19_1_1476673634742_2583\"><span id=\"yui_3_16_0_ym19_1_1476673634742_2582\">Assessoria de Imprensa<\/span><\/span><\/em><\/p>\n","protected":false},"excerpt":{"rendered":"<p>O empres\u00e1rio Marcos Galv\u00e3o (PSD), recentemente eleito como o novo prefeito da cidade de Ibicu\u00ed j\u00e1 est\u00e1 focado em ampliar o mercado do entretenimento na regi\u00e3o. Com uma carreira constru\u00edda na realiza\u00e7\u00e3o de diversos eventos, o s\u00f3cio\/fundador do Brega Light teve como uma de suas plataformas de campanha o fortalecimento das tradicionais festas juninas. \u201cO [&hellip;]<\/p>\n","protected":false},"author":2,"featured_media":0,"comment_status":"open","ping_status":"open","sticky":false,"template":"","format":"standard","meta":{"footnotes":"","_links_to":"","_links_to_target":""},"categories":[1],"tags":[],"class_list":["post-62027","post","type-post","status-publish","format-standard","hentry","category-geral"],"views":5012,"_links":{"self":[{"href":"https:\/\/www.sudoestehoje.com.br\/novoportal\/wp-json\/wp\/v2\/posts\/62027","targetHints":{"allow":["GET"]}}],"collection":[{"href":"https:\/\/www.sudoestehoje.com.br\/novoportal\/wp-json\/wp\/v2\/posts"}],"about":[{"href":"https:\/\/www.sudoestehoje.com.br\/novoportal\/wp-json\/wp\/v2\/types\/post"}],"author":[{"embeddable":true,"href":"https:\/\/www.sudoestehoje.com.br\/novoportal\/wp-json\/wp\/v2\/users\/2"}],"replies":[{"embeddable":true,"href":"https:\/\/www.sudoestehoje.com.br\/novoportal\/wp-json\/wp\/v2\/comments?post=62027"}],"version-history":[{"count":2,"href":"https:\/\/www.sudoestehoje.com.br\/novoportal\/wp-json\/wp\/v2\/posts\/62027\/revisions"}],"predecessor-version":[{"id":62031,"href":"https:\/\/www.sudoestehoje.com.br\/novoportal\/wp-json\/wp\/v2\/posts\/62027\/revisions\/62031"}],"wp:attachment":[{"href":"https:\/\/www.sudoestehoje.com.br\/novoportal\/wp-json\/wp\/v2\/media?parent=62027"}],"wp:term":[{"taxonomy":"category","embeddable":true,"href":"https:\/\/www.sudoestehoje.com.br\/novoportal\/wp-json\/wp\/v2\/categories?post=62027"},{"taxonomy":"post_tag","embeddable":true,"href":"https:\/\/www.sudoestehoje.com.br\/novoportal\/wp-json\/wp\/v2\/tags?post=62027"}],"curies":[{"name":"wp","href":"https:\/\/api.w.org\/{rel}","templated":true}]}}