
{"id":62015,"date":"2016-10-15T22:54:05","date_gmt":"2016-10-16T01:54:05","guid":{"rendered":"http:\/\/www.sudoestehoje.com.br\/novoportal\/?p=62015"},"modified":"2016-10-15T22:54:05","modified_gmt":"2016-10-16T01:54:05","slug":"rodrigo-e-renan-em-carreata-com-herzem-e-acm-neto-em-conquista","status":"publish","type":"post","link":"https:\/\/www.sudoestehoje.com.br\/novoportal\/2016\/10\/15\/rodrigo-e-renan-em-carreata-com-herzem-e-acm-neto-em-conquista\/","title":{"rendered":"RODRIGO E RENAN EM CARREATA COM HERZEM E ACM NETO EM CONQUISTA"},"content":{"rendered":"<p><a href=\"http:\/\/www.sudoestehoje.com.br\/novoportal\/wp-content\/uploads\/2016\/10\/carreata-1.jpg\" rel=\"attachment wp-att-62016\"><img loading=\"lazy\" decoding=\"async\" class=\"aligncenter size-medium wp-image-62016\" src=\"http:\/\/www.sudoestehoje.com.br\/novoportal\/wp-content\/uploads\/2016\/10\/carreata-1-500x255.jpg\" alt=\"carreata-1\" width=\"500\" height=\"255\" srcset=\"https:\/\/www.sudoestehoje.com.br\/novoportal\/wp-content\/uploads\/2016\/10\/carreata-1-500x255.jpg 500w, https:\/\/www.sudoestehoje.com.br\/novoportal\/wp-content\/uploads\/2016\/10\/carreata-1-768x392.jpg 768w, https:\/\/www.sudoestehoje.com.br\/novoportal\/wp-content\/uploads\/2016\/10\/carreata-1-700x358.jpg 700w, https:\/\/www.sudoestehoje.com.br\/novoportal\/wp-content\/uploads\/2016\/10\/carreata-1.jpg 2048w\" sizes=\"auto, (max-width: 500px) 100vw, 500px\" \/><\/a><\/p>\n<p>Rodrigo Hagge e Renan Pereira estiveram, juntamente com os l\u00edderes Michel Hagge e Jos\u00e9 Ot\u00e1vio, mais integrantes dos diret\u00f3rios do DEM e PMDB de Itapetinga, participando da recep\u00e7\u00e3o ao ministro Geddel Vieira Lima e o prefeito reeleito de Salvador, ACM Neto, na manh\u00e3 desta sexta, 15, em Vit\u00f3ria da Conquista.<\/p>\n<p><a href=\"http:\/\/www.sudoestehoje.com.br\/novoportal\/wp-content\/uploads\/2016\/10\/carreata-3.jpg\" rel=\"attachment wp-att-62018\"><img loading=\"lazy\" decoding=\"async\" class=\"aligncenter size-medium wp-image-62018\" src=\"http:\/\/www.sudoestehoje.com.br\/novoportal\/wp-content\/uploads\/2016\/10\/carreata-3-500x331.jpg\" alt=\"carreata-3\" width=\"500\" height=\"331\" srcset=\"https:\/\/www.sudoestehoje.com.br\/novoportal\/wp-content\/uploads\/2016\/10\/carreata-3-500x331.jpg 500w, https:\/\/www.sudoestehoje.com.br\/novoportal\/wp-content\/uploads\/2016\/10\/carreata-3-768x508.jpg 768w, https:\/\/www.sudoestehoje.com.br\/novoportal\/wp-content\/uploads\/2016\/10\/carreata-3-700x463.jpg 700w, https:\/\/www.sudoestehoje.com.br\/novoportal\/wp-content\/uploads\/2016\/10\/carreata-3.jpg 960w\" sizes=\"auto, (max-width: 500px) 100vw, 500px\" \/><\/a><\/p>\n<p>Em companhia de deputados federais e estaduais, al\u00e9m do ex-governador do estado Paulo Souto, mais lideran\u00e7as regionais, eles tamb\u00e9m participaram da grande carreata da coliga\u00e7\u00e3o \u201cUma Conquista Melhor\u201d, do candidato a prefeito Herzem Gusm\u00e3o (PMDB).<\/p>\n<p><a href=\"http:\/\/www.sudoestehoje.com.br\/novoportal\/wp-content\/uploads\/2016\/10\/carreata-2.-1.jpg\" rel=\"attachment wp-att-62021\"><img loading=\"lazy\" decoding=\"async\" class=\"aligncenter size-medium wp-image-62021\" src=\"http:\/\/www.sudoestehoje.com.br\/novoportal\/wp-content\/uploads\/2016\/10\/carreata-2.-1-500x308.jpg\" alt=\"carreata-2-1\" width=\"500\" height=\"308\" srcset=\"https:\/\/www.sudoestehoje.com.br\/novoportal\/wp-content\/uploads\/2016\/10\/carreata-2.-1-500x308.jpg 500w, https:\/\/www.sudoestehoje.com.br\/novoportal\/wp-content\/uploads\/2016\/10\/carreata-2.-1-768x474.jpg 768w, https:\/\/www.sudoestehoje.com.br\/novoportal\/wp-content\/uploads\/2016\/10\/carreata-2.-1-700x432.jpg 700w, https:\/\/www.sudoestehoje.com.br\/novoportal\/wp-content\/uploads\/2016\/10\/carreata-2.-1.jpg 960w\" sizes=\"auto, (max-width: 500px) 100vw, 500px\" \/><\/a><\/p>\n<p>Rodrigo Hagge aproveitou o momento para agradecer o apoio de Souto, que veio participar de um dos maiores com\u00edcios j\u00e1 acontecidos em Itapetinga, na Pra\u00e7a Dairy Valley, durante sua campanha. \u201cO meu desejo \u00e9 que voc\u00ea tenha sorte e altivez para conseguir dar \u00e0 popula\u00e7\u00e3o de Itapetinga uma cidade melhor, pois \u00e9 o que ela merece\u201d, disse o ex-governador, ao parabenizar Hagge.<\/p>\n<p><a href=\"http:\/\/www.sudoestehoje.com.br\/novoportal\/wp-content\/uploads\/2016\/10\/carreata-6.jpg\" rel=\"attachment wp-att-62022\"><img loading=\"lazy\" decoding=\"async\" class=\"aligncenter size-medium wp-image-62022\" src=\"http:\/\/www.sudoestehoje.com.br\/novoportal\/wp-content\/uploads\/2016\/10\/carreata-6-500x299.jpg\" alt=\"carreata-6\" width=\"500\" height=\"299\" srcset=\"https:\/\/www.sudoestehoje.com.br\/novoportal\/wp-content\/uploads\/2016\/10\/carreata-6-500x299.jpg 500w, https:\/\/www.sudoestehoje.com.br\/novoportal\/wp-content\/uploads\/2016\/10\/carreata-6-768x460.jpg 768w, https:\/\/www.sudoestehoje.com.br\/novoportal\/wp-content\/uploads\/2016\/10\/carreata-6-700x419.jpg 700w, https:\/\/www.sudoestehoje.com.br\/novoportal\/wp-content\/uploads\/2016\/10\/carreata-6.jpg 960w\" sizes=\"auto, (max-width: 500px) 100vw, 500px\" \/><\/a><\/p>\n<p>Com o prefeito reeleito da capital baiana, Rodrigo Hagge teve a oportunidade de tamb\u00e9m parabeniz\u00e1-lo pela vit\u00f3ria. De Neto, o prefeito de Itapetinga recebeu o elogio pela \u201cdetermina\u00e7\u00e3o, compet\u00eancia e seriedade com que enfrentou a campanha sendo ainda t\u00e3o jovem e fa\u00e7o votos que voc\u00ea tenha muito \u00eaxito em sua gest\u00e3o, conte conosco para o que for preciso\u201d, acrescentou ACM Neto.<\/p>\n<p><a href=\"http:\/\/www.sudoestehoje.com.br\/novoportal\/wp-content\/uploads\/2016\/10\/carreata-4.jpg\" rel=\"attachment wp-att-62019\"><img loading=\"lazy\" decoding=\"async\" class=\"aligncenter size-medium wp-image-62019\" src=\"http:\/\/www.sudoestehoje.com.br\/novoportal\/wp-content\/uploads\/2016\/10\/carreata-4-500x320.jpg\" alt=\"carreata-4\" width=\"500\" height=\"320\" srcset=\"https:\/\/www.sudoestehoje.com.br\/novoportal\/wp-content\/uploads\/2016\/10\/carreata-4-500x320.jpg 500w, https:\/\/www.sudoestehoje.com.br\/novoportal\/wp-content\/uploads\/2016\/10\/carreata-4-768x491.jpg 768w, https:\/\/www.sudoestehoje.com.br\/novoportal\/wp-content\/uploads\/2016\/10\/carreata-4-700x448.jpg 700w, https:\/\/www.sudoestehoje.com.br\/novoportal\/wp-content\/uploads\/2016\/10\/carreata-4.jpg 960w\" sizes=\"auto, (max-width: 500px) 100vw, 500px\" \/><\/a><\/p>\n<p>Rodrigo e Renan tamb\u00e9m agendaram visitas a Salvador em companhia do deputado Pedro Tavares e a Bras\u00edlia, onde estar\u00e3o se encontrando com o ministro Geddel e o deputado federal L\u00facio Vieira Lima. A<strong><em>scom RR\u2013 Fotos: Gazinho<\/em><\/strong><\/p>\n","protected":false},"excerpt":{"rendered":"<p>Rodrigo Hagge e Renan Pereira estiveram, juntamente com os l\u00edderes Michel Hagge e Jos\u00e9 Ot\u00e1vio, mais integrantes dos diret\u00f3rios do DEM e PMDB de Itapetinga, participando da recep\u00e7\u00e3o ao ministro Geddel Vieira Lima e o prefeito reeleito de Salvador, ACM Neto, na manh\u00e3 desta sexta, 15, em Vit\u00f3ria da Conquista. Em companhia de deputados federais [&hellip;]<\/p>\n","protected":false},"author":2,"featured_media":0,"comment_status":"open","ping_status":"open","sticky":false,"template":"","format":"standard","meta":{"footnotes":"","_links_to":"","_links_to_target":""},"categories":[1],"tags":[],"class_list":["post-62015","post","type-post","status-publish","format-standard","hentry","category-geral"],"views":3421,"_links":{"self":[{"href":"https:\/\/www.sudoestehoje.com.br\/novoportal\/wp-json\/wp\/v2\/posts\/62015","targetHints":{"allow":["GET"]}}],"collection":[{"href":"https:\/\/www.sudoestehoje.com.br\/novoportal\/wp-json\/wp\/v2\/posts"}],"about":[{"href":"https:\/\/www.sudoestehoje.com.br\/novoportal\/wp-json\/wp\/v2\/types\/post"}],"author":[{"embeddable":true,"href":"https:\/\/www.sudoestehoje.com.br\/novoportal\/wp-json\/wp\/v2\/users\/2"}],"replies":[{"embeddable":true,"href":"https:\/\/www.sudoestehoje.com.br\/novoportal\/wp-json\/wp\/v2\/comments?post=62015"}],"version-history":[{"count":1,"href":"https:\/\/www.sudoestehoje.com.br\/novoportal\/wp-json\/wp\/v2\/posts\/62015\/revisions"}],"predecessor-version":[{"id":62023,"href":"https:\/\/www.sudoestehoje.com.br\/novoportal\/wp-json\/wp\/v2\/posts\/62015\/revisions\/62023"}],"wp:attachment":[{"href":"https:\/\/www.sudoestehoje.com.br\/novoportal\/wp-json\/wp\/v2\/media?parent=62015"}],"wp:term":[{"taxonomy":"category","embeddable":true,"href":"https:\/\/www.sudoestehoje.com.br\/novoportal\/wp-json\/wp\/v2\/categories?post=62015"},{"taxonomy":"post_tag","embeddable":true,"href":"https:\/\/www.sudoestehoje.com.br\/novoportal\/wp-json\/wp\/v2\/tags?post=62015"}],"curies":[{"name":"wp","href":"https:\/\/api.w.org\/{rel}","templated":true}]}}