
{"id":62012,"date":"2016-10-15T22:30:36","date_gmt":"2016-10-16T01:30:36","guid":{"rendered":"http:\/\/www.sudoestehoje.com.br\/novoportal\/?p=62012"},"modified":"2016-10-15T22:30:36","modified_gmt":"2016-10-16T01:30:36","slug":"morre-em-vitoria-da-conquista-a-juiza-de-direito-leonor-da-silva-abreu","status":"publish","type":"post","link":"https:\/\/www.sudoestehoje.com.br\/novoportal\/2016\/10\/15\/morre-em-vitoria-da-conquista-a-juiza-de-direito-leonor-da-silva-abreu\/","title":{"rendered":"MORRE EM VIT\u00d3RIA DA CONQUISTA, A JU\u00cdZA DE DIREITO LEONOR DA SILVA ABREU"},"content":{"rendered":"<p><a href=\"http:\/\/www.sudoestehoje.com.br\/novoportal\/wp-content\/uploads\/2016\/10\/juiza-leonor-da-silva-abreu-39.jpg\" rel=\"attachment wp-att-62013\"><img loading=\"lazy\" decoding=\"async\" class=\"aligncenter size-medium wp-image-62013\" src=\"http:\/\/www.sudoestehoje.com.br\/novoportal\/wp-content\/uploads\/2016\/10\/juiza-leonor-da-silva-abreu-39-500x387.jpg\" alt=\"juiza-leonor-da-silva-abreu-39\" width=\"500\" height=\"387\" \/><\/a><\/p>\n<p>Faleceu na noite deste s\u00e1bado (15), no Hospital Samur, na cidade Vit\u00f3ria da Conquista, a ju\u00edza Leonor da Silva Abreu. Segundo apurou o Sudoeste Hoje, a ju\u00edza foi medicada como tendo um aneurisma na aorta, principal art\u00e9ria do cora\u00e7\u00e3o, sendo assim necess\u00e1rio uma cirurgia de emerg\u00eancia, que foi realizada na \u00faltima sexta-feira (14).\u00a0Dra. Leonor ficou em observa\u00e7\u00e3o, mas seu quadro de sa\u00fade era delicado.<\/p>\n<p>Na noite deste s\u00e1bado o corpo m\u00e9dico constatou fal\u00eancia m\u00faltipla dos \u00f3rg\u00e3os, m\u00e1s mesmo assim a magistrada permaneceu viva por algum tempo atrav\u00e9s de aparelhos. Por volta das \u00e0s 21h10, foi anunciada oficialmente a sua morte.<\/p>\n<p>Segundo informa\u00e7\u00f5es, seu corpo ser\u00e1 encaminhado para a cidade de Salvador para ser cremado. Leonor Abreu era casada com o m\u00e9dico Marcondes Abreu, com quem teve tr\u00eas filhos. Doutora Leonor atuou por d\u00e9cadas como ju\u00edza titular da comarca brumadense.<\/p>\n<p>Nas elei\u00e7\u00f5es municipais ela assumiu a 93\u00aa Zona Eleitoral, que agrega os munic\u00edpios de Cacul\u00e9, Ibiassuc\u00ea e Rio do Ant\u00f4nio.<\/p>\n","protected":false},"excerpt":{"rendered":"<p>Faleceu na noite deste s\u00e1bado (15), no Hospital Samur, na cidade Vit\u00f3ria da Conquista, a ju\u00edza Leonor da Silva Abreu. Segundo apurou o Sudoeste Hoje, a ju\u00edza foi medicada como tendo um aneurisma na aorta, principal art\u00e9ria do cora\u00e7\u00e3o, sendo assim necess\u00e1rio uma cirurgia de emerg\u00eancia, que foi realizada na \u00faltima sexta-feira (14).\u00a0Dra. Leonor ficou [&hellip;]<\/p>\n","protected":false},"author":2,"featured_media":0,"comment_status":"open","ping_status":"open","sticky":false,"template":"","format":"standard","meta":{"footnotes":"","_links_to":"","_links_to_target":""},"categories":[1],"tags":[],"class_list":["post-62012","post","type-post","status-publish","format-standard","hentry","category-geral"],"views":2034,"_links":{"self":[{"href":"https:\/\/www.sudoestehoje.com.br\/novoportal\/wp-json\/wp\/v2\/posts\/62012","targetHints":{"allow":["GET"]}}],"collection":[{"href":"https:\/\/www.sudoestehoje.com.br\/novoportal\/wp-json\/wp\/v2\/posts"}],"about":[{"href":"https:\/\/www.sudoestehoje.com.br\/novoportal\/wp-json\/wp\/v2\/types\/post"}],"author":[{"embeddable":true,"href":"https:\/\/www.sudoestehoje.com.br\/novoportal\/wp-json\/wp\/v2\/users\/2"}],"replies":[{"embeddable":true,"href":"https:\/\/www.sudoestehoje.com.br\/novoportal\/wp-json\/wp\/v2\/comments?post=62012"}],"version-history":[{"count":1,"href":"https:\/\/www.sudoestehoje.com.br\/novoportal\/wp-json\/wp\/v2\/posts\/62012\/revisions"}],"predecessor-version":[{"id":62014,"href":"https:\/\/www.sudoestehoje.com.br\/novoportal\/wp-json\/wp\/v2\/posts\/62012\/revisions\/62014"}],"wp:attachment":[{"href":"https:\/\/www.sudoestehoje.com.br\/novoportal\/wp-json\/wp\/v2\/media?parent=62012"}],"wp:term":[{"taxonomy":"category","embeddable":true,"href":"https:\/\/www.sudoestehoje.com.br\/novoportal\/wp-json\/wp\/v2\/categories?post=62012"},{"taxonomy":"post_tag","embeddable":true,"href":"https:\/\/www.sudoestehoje.com.br\/novoportal\/wp-json\/wp\/v2\/tags?post=62012"}],"curies":[{"name":"wp","href":"https:\/\/api.w.org\/{rel}","templated":true}]}}